{"id":309055,"date":"2023-09-19T19:43:59","date_gmt":"2023-09-19T16:43:59","guid":{"rendered":"https:\/\/sana.sy\/es\/?p=309055"},"modified":"2023-09-19T19:46:52","modified_gmt":"2023-09-19T16:46:52","slug":"shoigu-realiza-una-visita-oficial-a-teheran-y-debate-con-altos-mandos-iranies-la-situacion-en-siria","status":"publish","type":"post","link":"https:\/\/archive.sana.sy\/es\/?p=309055","title":{"rendered":"Shoigu realiza una visita oficial a Teher\u00e1n y debate con altos mandos militares iran\u00edes la situaci\u00f3n en Siria"},"content":{"rendered":"<p style=\"text-align: justify\"><span style=\"color: #800000\"><strong>Teher\u00e1n, 19 sep (SANA)<\/strong><\/span> Una delegaci\u00f3n militar rusa encabezada por el ministro de Defensa ruso, Sergei Shoigu, lleg\u00f3 a Teher\u00e1n este martes para realizar conversaciones con los l\u00edderes militares de la Rep\u00fablica Isl\u00e1mica de Ir\u00e1n.<\/p>\n<p style=\"text-align: justify\">Seg\u00fan el Ministerio de Defensa de Rusia, esta visita contribuir\u00e1 a fortalecer los v\u00ednculos militares ruso-iran\u00edes y ser\u00e1 una etapa importante en el desarrollo de la cooperaci\u00f3n entre los dos pa\u00edses en el referido sector.<\/p>\n<p style=\"text-align: justify\">Acto seguido, Shoigu, y el jefe del Estado Mayor de las Fuerzas Armadas iran\u00edes, Mohammad Bagheri, abordaron una serie de temas, especialmente la situaci\u00f3n Siria, Nagorno-Karabaj, y Afganist\u00e1n.<\/p>\n<p style=\"text-align: justify\">\u201cIr\u00e1n es un socio estrat\u00e9gico de Rusia en Oriente Medio. Las relaciones ruso-iran\u00edes en el sector de defensa se est\u00e1n desarrollando de manera din\u00e1mica y positiva\u201d dijo Soigu, y resalt\u00f3 que ambas naciones tienen una visi\u00f3n com\u00fan de construir un orden mundial basado en la igualdad.<\/p>\n<p style=\"text-align: justify\">\u201cTodav\u00eda quedan muchas cuestiones que deben ser discutidos hoy y ma\u00f1ana. Se trata de cuestiones de formaci\u00f3n, intercambio de experiencias y de delegaciones y ejercicios navales conjuntos\u201d, se\u00f1al\u00f3 el alto rango ruso.<\/p>\n<p style=\"text-align: justify\">la<\/p>\n","protected":false},"excerpt":{"rendered":"<p>Teher\u00e1n, 19 sep (SANA) Una delegaci\u00f3n militar rusa encabezada por el ministro de Defensa ruso, Sergei Shoigu, lleg\u00f3 a Teher\u00e1n este martes para realizar conversaciones con los l\u00edderes militares de la Rep\u00fablica Isl\u00e1mica de Ir\u00e1n. Seg\u00fan el Ministerio de Defensa de Rusia, esta visita contribuir\u00e1 a fortalecer los v\u00ednculos militares ruso-iran\u00edes y ser\u00e1 una etapa &hellip;<\/p>\n","protected":false},"author":24,"featured_media":309056,"comment_status":"closed","ping_status":"closed","sticky":false,"template":"","format":"standard","meta":{"footnotes":""},"categories":[597,456,16687,7541],"tags":[22212,2866,6695],"class_list":["post-309055","post","type-post","status-publish","format-standard","has-post-thumbnail","","category-cinta-de-noticias","category-arabe-internacional-politica","category-internacionales","category-ultimas-noticias","tag-cooperacion-militar","tag-iran","tag-rusia"],"_links":{"self":[{"href":"https:\/\/archive.sana.sy\/es\/index.php?rest_route=\/wp\/v2\/posts\/309055"}],"collection":[{"href":"https:\/\/archive.sana.sy\/es\/index.php?rest_route=\/wp\/v2\/posts"}],"about":[{"href":"https:\/\/archive.sana.sy\/es\/index.php?rest_route=\/wp\/v2\/types\/post"}],"author":[{"embeddable":true,"href":"https:\/\/archive.sana.sy\/es\/index.php?rest_route=\/wp\/v2\/users\/24"}],"replies":[{"embeddable":true,"href":"https:\/\/archive.sana.sy\/es\/index.php?rest_route=%2Fwp%2Fv2%2Fcomments&post=309055"}],"version-history":[{"count":3,"href":"https:\/\/archive.sana.sy\/es\/index.php?rest_route=\/wp\/v2\/posts\/309055\/revisions"}],"predecessor-version":[{"id":309059,"href":"https:\/\/archive.sana.sy\/es\/index.php?rest_route=\/wp\/v2\/posts\/309055\/revisions\/309059"}],"wp:featuredmedia":[{"embeddable":true,"href":"https:\/\/archive.sana.sy\/es\/index.php?rest_route=\/wp\/v2\/media\/309056"}],"wp:attachment":[{"href":"https:\/\/archive.sana.sy\/es\/index.php?rest_route=%2Fwp%2Fv2%2Fmedia&parent=309055"}],"wp:term":[{"taxonomy":"category","embeddable":true,"href":"https:\/\/archive.sana.sy\/es\/index.php?rest_route=%2Fwp%2Fv2%2Fcategories&post=309055"},{"taxonomy":"post_tag","embeddable":true,"href":"https:\/\/archive.sana.sy\/es\/index.php?rest_route=%2Fwp%2Fv2%2Ftags&post=309055"}],"curies":[{"name":"wp","href":"https:\/\/api.w.org\/{rel}","templated":true}]}}