{"id":309060,"date":"2023-09-19T20:10:09","date_gmt":"2023-09-19T17:10:09","guid":{"rendered":"https:\/\/sana.sy\/es\/?p=309060"},"modified":"2023-09-19T20:11:35","modified_gmt":"2023-09-19T17:11:35","slug":"primer-ministro-armenio-critica-intentos-de-arrastrar-a-su-pais-a-una-escalada-militar","status":"publish","type":"post","link":"https:\/\/archive.sana.sy\/es\/?p=309060","title":{"rendered":"Primer ministro armenio critica intentos de arrastrar a su pa\u00eds a una escalada militar"},"content":{"rendered":"<p style=\"text-align: justify\"><span style=\"color: #800000\"><strong>Erev\u00e1n, 19 sep (SANA)<\/strong><\/span> El primer ministro armenio, Nikol Pashinyan, subray\u00f3 que Azerbaiy\u00e1n no deber\u00eda tomar medidas no estudiadas a la luz de la escalada en Karabaj en estos momentos.<\/p>\n<p style=\"text-align: justify\">\u201cLos intentos de arrastrar a Armenia a una escalada militar son inaceptables&#8221;, cit\u00f3 RIA Novosti a Pashinyan quien agreg\u00f3 que la situaci\u00f3n a lo largo de la frontera armenia ya es relativamente estable.<\/p>\n<p style=\"text-align: justify\">Asimismo, el jefe del Gabinete armenio tild\u00f3 la operaci\u00f3n militar lanzada hoy por Azerbaiy\u00e1n en Karabaj de \u201cuna violaci\u00f3n de la l\u00ednea de contacto\u201d.<\/p>\n<p style=\"text-align: justify\">Cabe destacar que el Ministerio de Defensa de Armenia anunci\u00f3 hoy la vuelta de tranquilidad a la frontera con Azerbaiy\u00e1n, despu\u00e9s de que Bak\u00fa lanzara una operaci\u00f3n militar en la regi\u00f3n de Nagorno-Karabaj.<\/p>\n<p style=\"text-align: justify\">A su vez, el Ministerio de Asuntos Exteriores de Rusia llam\u00f3 a las dos partes a entablar un di\u00e1logo constructivo.<\/p>\n<p style=\"text-align: justify\">la<\/p>\n","protected":false},"excerpt":{"rendered":"<p>Erev\u00e1n, 19 sep (SANA) El primer ministro armenio, Nikol Pashinyan, subray\u00f3 que Azerbaiy\u00e1n no deber\u00eda tomar medidas no estudiadas a la luz de la escalada en Karabaj en estos momentos. \u201cLos intentos de arrastrar a Armenia a una escalada militar son inaceptables&#8221;, cit\u00f3 RIA Novosti a Pashinyan quien agreg\u00f3 que la situaci\u00f3n a lo largo &hellip;<\/p>\n","protected":false},"author":24,"featured_media":309061,"comment_status":"closed","ping_status":"closed","sticky":false,"template":"","format":"standard","meta":{"footnotes":""},"categories":[597,456,16687,20724],"tags":[19950,22378,6695],"class_list":["post-309060","post","type-post","status-publish","format-standard","has-post-thumbnail","","category-cinta-de-noticias","category-arabe-internacional-politica","category-internacionales","category-minuto-a-minuto","tag-armenia","tag-karabaj","tag-rusia"],"_links":{"self":[{"href":"https:\/\/archive.sana.sy\/es\/index.php?rest_route=\/wp\/v2\/posts\/309060"}],"collection":[{"href":"https:\/\/archive.sana.sy\/es\/index.php?rest_route=\/wp\/v2\/posts"}],"about":[{"href":"https:\/\/archive.sana.sy\/es\/index.php?rest_route=\/wp\/v2\/types\/post"}],"author":[{"embeddable":true,"href":"https:\/\/archive.sana.sy\/es\/index.php?rest_route=\/wp\/v2\/users\/24"}],"replies":[{"embeddable":true,"href":"https:\/\/archive.sana.sy\/es\/index.php?rest_route=%2Fwp%2Fv2%2Fcomments&post=309060"}],"version-history":[{"count":2,"href":"https:\/\/archive.sana.sy\/es\/index.php?rest_route=\/wp\/v2\/posts\/309060\/revisions"}],"predecessor-version":[{"id":309063,"href":"https:\/\/archive.sana.sy\/es\/index.php?rest_route=\/wp\/v2\/posts\/309060\/revisions\/309063"}],"wp:featuredmedia":[{"embeddable":true,"href":"https:\/\/archive.sana.sy\/es\/index.php?rest_route=\/wp\/v2\/media\/309061"}],"wp:attachment":[{"href":"https:\/\/archive.sana.sy\/es\/index.php?rest_route=%2Fwp%2Fv2%2Fmedia&parent=309060"}],"wp:term":[{"taxonomy":"category","embeddable":true,"href":"https:\/\/archive.sana.sy\/es\/index.php?rest_route=%2Fwp%2Fv2%2Fcategories&post=309060"},{"taxonomy":"post_tag","embeddable":true,"href":"https:\/\/archive.sana.sy\/es\/index.php?rest_route=%2Fwp%2Fv2%2Ftags&post=309060"}],"curies":[{"name":"wp","href":"https:\/\/api.w.org\/{rel}","templated":true}]}}