{"id":309069,"date":"2023-09-20T06:23:44","date_gmt":"2023-09-20T03:23:44","guid":{"rendered":"http:\/\/sana.sy\/es\/?p=309069"},"modified":"2023-09-20T06:23:44","modified_gmt":"2023-09-20T03:23:44","slug":"fuerzas-israelies-asesinan-a-cuatro-palestinos-e-hieren-a-decenas","status":"publish","type":"post","link":"https:\/\/archive.sana.sy\/es\/?p=309069","title":{"rendered":"Fuerzas israel\u00edes asesinan a cuatro palestinos e hieren a decenas"},"content":{"rendered":"<p style=\"text-align: justify;\"><span style=\"color: #800000;\"><strong>Jerusal\u00e9n ocupada, 20 sep (SANA)\u00a0\u00a0<\/strong> <\/span>Tres palestinos perdieron la vida y decenas resultaron heridos por disparos de las fuerzas de ocupaci\u00f3n israel\u00edes durante el asalto de estas \u00faltimas a la ciudad de Jenin, en Cisjordania.<\/p>\n<p style=\"text-align: justify;\">Seg\u00fan reportes de la agencia palestina Wafa, los militares israel\u00edes irrumpieron en el campamento de Jenin, donde cercaron a dos casas y las bombardearon con varios misiles, lo que provoc\u00f3 la muerte de tres palestinos mientras otros 30 resultaron heridos, incluidos \u00a0dos en estado cr\u00edtico.<\/p>\n<p style=\"text-align: justify;\">Indic\u00f3 que las tropas sionistas impidieron que las ambulancias y equipos m\u00e9dicos tengan acceso al lugar para tratar a los heridos.<\/p>\n<p style=\"text-align: justify;\">Mientras en la Franja de Gaza, un joven palestino muri\u00f3 y otros resultaron heridos cuando las fuerzas israel\u00edes atacaron la asediada Franja de Gaza.<\/p>\n<p style=\"text-align: justify;\">fm<\/p>\n","protected":false},"excerpt":{"rendered":"<p>Jerusal\u00e9n ocupada, 20 sep (SANA)\u00a0\u00a0 Tres palestinos perdieron la vida y decenas resultaron heridos por disparos de las fuerzas de ocupaci\u00f3n israel\u00edes durante el asalto de estas \u00faltimas a la ciudad de Jenin, en Cisjordania. Seg\u00fan reportes de la agencia palestina Wafa, los militares israel\u00edes irrumpieron en el campamento de Jenin, donde cercaron a dos &hellip;<\/p>\n","protected":false},"author":34,"featured_media":309070,"comment_status":"closed","ping_status":"closed","sticky":false,"template":"","format":"standard","meta":{"footnotes":""},"categories":[597,456,583],"tags":[],"class_list":["post-309069","post","type-post","status-publish","format-standard","has-post-thumbnail","","category-cinta-de-noticias","category-arabe-internacional-politica","category-slide"],"_links":{"self":[{"href":"https:\/\/archive.sana.sy\/es\/index.php?rest_route=\/wp\/v2\/posts\/309069"}],"collection":[{"href":"https:\/\/archive.sana.sy\/es\/index.php?rest_route=\/wp\/v2\/posts"}],"about":[{"href":"https:\/\/archive.sana.sy\/es\/index.php?rest_route=\/wp\/v2\/types\/post"}],"author":[{"embeddable":true,"href":"https:\/\/archive.sana.sy\/es\/index.php?rest_route=\/wp\/v2\/users\/34"}],"replies":[{"embeddable":true,"href":"https:\/\/archive.sana.sy\/es\/index.php?rest_route=%2Fwp%2Fv2%2Fcomments&post=309069"}],"version-history":[{"count":1,"href":"https:\/\/archive.sana.sy\/es\/index.php?rest_route=\/wp\/v2\/posts\/309069\/revisions"}],"predecessor-version":[{"id":309071,"href":"https:\/\/archive.sana.sy\/es\/index.php?rest_route=\/wp\/v2\/posts\/309069\/revisions\/309071"}],"wp:featuredmedia":[{"embeddable":true,"href":"https:\/\/archive.sana.sy\/es\/index.php?rest_route=\/wp\/v2\/media\/309070"}],"wp:attachment":[{"href":"https:\/\/archive.sana.sy\/es\/index.php?rest_route=%2Fwp%2Fv2%2Fmedia&parent=309069"}],"wp:term":[{"taxonomy":"category","embeddable":true,"href":"https:\/\/archive.sana.sy\/es\/index.php?rest_route=%2Fwp%2Fv2%2Fcategories&post=309069"},{"taxonomy":"post_tag","embeddable":true,"href":"https:\/\/archive.sana.sy\/es\/index.php?rest_route=%2Fwp%2Fv2%2Ftags&post=309069"}],"curies":[{"name":"wp","href":"https:\/\/api.w.org\/{rel}","templated":true}]}}