{"id":309072,"date":"2023-09-20T08:33:04","date_gmt":"2023-09-20T05:33:04","guid":{"rendered":"http:\/\/sana.sy\/es\/?p=309072"},"modified":"2023-09-20T08:33:04","modified_gmt":"2023-09-20T05:33:04","slug":"diaz-canel-rechazamos-el-bloqueo-impuesto-a-cuba-siria-zimbabwe-iran-y-corea-del-norte","status":"publish","type":"post","link":"https:\/\/archive.sana.sy\/es\/?p=309072","title":{"rendered":"D\u00edaz-Canel: Rechazamos el bloqueo impuesto a Cuba, Siria, Zimbabwe, Ir\u00e1n y Corea del Norte"},"content":{"rendered":"<blockquote>\n<p style=\"text-align: justify;\"><span style=\"color: #800000;\">\u00abLa mayor de las Antillas no es el primer pa\u00eds bajo efectos del bloqueo pero es el que por m\u00e1s tiempo las ha soportado a despecho de la condena mundial que cada a\u00f1o se expresa de manera casi un\u00e1nime en esta Asamblea\u00bb<\/span><\/p>\n<p style=\"text-align: justify;\"><span style=\"color: #800000;\">\u00abA pesar de la hostilidad de su gobierno, continuaremos tendiendo puentes con el pueblo de los Estados Unidos, como hacemos con todos los pueblos del mundo y fortaleceremos, cada vez m\u00e1s, los v\u00ednculos con la emigraci\u00f3n cubana en cualquier rinc\u00f3n del planeta\u00bb<\/span><\/p>\n<\/blockquote>\n<p style=\"text-align: justify;\"><strong><span style=\"color: #800000;\">Nueva York, 20 sep (SANA)<\/span> <\/strong>El presidente cubano Miguel D\u00edaz-Canel conden\u00f3 el cerco impuesto por Estados Unidos a su pa\u00eds y lo calific\u00f3 de una guerra econ\u00f3mica extraterritorial, cruel y silenciosa que se acompa\u00f1a de una poderosa maquinaria pol\u00edtica de desestabilizaci\u00f3n.<\/p>\n<p style=\"text-align: justify;\">El pueblo cubano resiste y vence creativamente frente a esa guerra econ\u00f3mica despiadada, que desde 2019, en plena pandemia, escal\u00f3 de modo oportunista a una dimensi\u00f3n a\u00fan m\u00e1s extrema, rechaz\u00f3 el jefe de Estado durante el Debate General de las Naciones Unidas.<\/p>\n<p style=\"text-align: justify;\">Washington miente y hace un enorme da\u00f1o a los esfuerzos internacionales para combatir el terrorismo cuando acusa a la naci\u00f3n, sin fundamento alguno, de patrocinar ese flagelo, agreg\u00f3.<\/p>\n<p style=\"text-align: justify;\">La mayor de las Antillas no es el primer pa\u00eds bajo efectos del bloqueo pero es el que por m\u00e1s tiempo las ha soportado a despecho de la condena mundial que cada a\u00f1o se expresa de manera casi un\u00e1nime en esta Asamblea, subray\u00f3.<\/p>\n<p style=\"text-align: justify;\">En ese sentido, el mandatario rechaz\u00f3 las medidas coercitivas unilaterales impuestas adem\u00e1s a pa\u00edses como Zimbabwe, Siria, Ir\u00e1n y la Rep\u00fablica Popular Democr\u00e1tica de Corea.<\/p>\n<p style=\"text-align: justify;\">\u00abA pesar de la hostilidad de su gobierno, continuaremos tendiendo puentes con el pueblo de los Estados Unidos, como hacemos con todos los pueblos del mundo y fortaleceremos, cada vez m\u00e1s, los v\u00ednculos con la emigraci\u00f3n cubana en cualquier rinc\u00f3n del planeta\u00bb, enfatiz\u00f3.<\/p>\n<p style=\"text-align: justify;\"><strong>fm\/ws<\/strong><\/p>\n","protected":false},"excerpt":{"rendered":"<p>\u00abLa mayor de las Antillas no es el primer pa\u00eds bajo efectos del bloqueo pero es el que por m\u00e1s tiempo las ha soportado a despecho de la condena mundial que cada a\u00f1o se expresa de manera casi un\u00e1nime en esta Asamblea\u00bb \u00abA pesar de la hostilidad de su gobierno, continuaremos tendiendo puentes con el &hellip;<\/p>\n","protected":false},"author":35,"featured_media":309073,"comment_status":"closed","ping_status":"closed","sticky":false,"template":"","format":"standard","meta":{"footnotes":""},"categories":[597,456,16687,20724,7541],"tags":[],"class_list":["post-309072","post","type-post","status-publish","format-standard","has-post-thumbnail","","category-cinta-de-noticias","category-arabe-internacional-politica","category-internacionales","category-minuto-a-minuto","category-ultimas-noticias"],"_links":{"self":[{"href":"https:\/\/archive.sana.sy\/es\/index.php?rest_route=\/wp\/v2\/posts\/309072"}],"collection":[{"href":"https:\/\/archive.sana.sy\/es\/index.php?rest_route=\/wp\/v2\/posts"}],"about":[{"href":"https:\/\/archive.sana.sy\/es\/index.php?rest_route=\/wp\/v2\/types\/post"}],"author":[{"embeddable":true,"href":"https:\/\/archive.sana.sy\/es\/index.php?rest_route=\/wp\/v2\/users\/35"}],"replies":[{"embeddable":true,"href":"https:\/\/archive.sana.sy\/es\/index.php?rest_route=%2Fwp%2Fv2%2Fcomments&post=309072"}],"version-history":[{"count":1,"href":"https:\/\/archive.sana.sy\/es\/index.php?rest_route=\/wp\/v2\/posts\/309072\/revisions"}],"predecessor-version":[{"id":309074,"href":"https:\/\/archive.sana.sy\/es\/index.php?rest_route=\/wp\/v2\/posts\/309072\/revisions\/309074"}],"wp:featuredmedia":[{"embeddable":true,"href":"https:\/\/archive.sana.sy\/es\/index.php?rest_route=\/wp\/v2\/media\/309073"}],"wp:attachment":[{"href":"https:\/\/archive.sana.sy\/es\/index.php?rest_route=%2Fwp%2Fv2%2Fmedia&parent=309072"}],"wp:term":[{"taxonomy":"category","embeddable":true,"href":"https:\/\/archive.sana.sy\/es\/index.php?rest_route=%2Fwp%2Fv2%2Fcategories&post=309072"},{"taxonomy":"post_tag","embeddable":true,"href":"https:\/\/archive.sana.sy\/es\/index.php?rest_route=%2Fwp%2Fv2%2Ftags&post=309072"}],"curies":[{"name":"wp","href":"https:\/\/api.w.org\/{rel}","templated":true}]}}