{"id":309095,"date":"2023-09-20T13:25:01","date_gmt":"2023-09-20T10:25:01","guid":{"rendered":"http:\/\/sana.sy\/es\/?p=309095"},"modified":"2023-09-20T21:42:34","modified_gmt":"2023-09-20T18:42:34","slug":"raisi-confirma-ante-al-onu-el-fracaso-del-proyecto-hegemonico-de-occidente","status":"publish","type":"post","link":"https:\/\/archive.sana.sy\/es\/?p=309095","title":{"rendered":"Raisi confirma ante la ONU el fracaso del proyecto hegem\u00f3nico de Occidente"},"content":{"rendered":"<blockquote>\n<p style=\"text-align: justify;\"><span style=\"color: #800000;\">El mundo se encuentra actualmente en una etapa de cambio y transici\u00f3n hacia un sistema internacional emergente, donde el viejo orden liberal que serv\u00eda los intereses de los hegemones y los capitalistas insaciables ya no existe&#8221;, dijo Raisi en su discurso durante el 78 periodo de sesiones de la Asamblea General de las Naciones Unidas.<\/span><\/p>\n<\/blockquote>\n<p style=\"text-align: justify;\"><span style=\"color: #800000;\"><strong>Nueva York, 20 sep (SANA)\u00a0<\/strong><\/span> \u00a0El presidente de Ir\u00e1n, Seyed Ebrahim Raisi, dijo que el proyecto de imponer la hegemon\u00eda occidental ha fracasado.<\/p>\n<p style=\"text-align: justify;\">El mundo se encuentra actualmente en una etapa de cambio y transici\u00f3n hacia un sistema internacional emergente, donde el viejo orden liberal que serv\u00eda los intereses de los hegemones y los capitalistas insaciables ya no existe&#8221;, dijo Raisi en su discurso durante el 78 periodo de sesiones de la Asamblea General de las Naciones Unidas.<\/p>\n<p style=\"text-align: justify;\">Puntualiz\u00f3 que este nuevo orden mundial es fruto de la resistencia y sublevaci\u00f3n de los pueblos del mundo, mientras surgen nuevas potencias.<\/p>\n<p style=\"text-align: justify;\">El mandatario consider\u00f3 que la hegemon\u00eda de Occidente no armoniza con la realidad del mundo contempor\u00e1neo, y se\u00f1al\u00f3 que el sistema liberal que busca globalizar los valores norteamericanos ha quedado obsoleto.<\/p>\n<p style=\"text-align: justify;\">Respecto a la situaci\u00f3n en Oriente Medio, el l\u00edder iran\u00ed consider\u00f3 que la estabilidad de la regi\u00f3n redunda en inter\u00e9s de todos sus pa\u00edses, y la presencia extranjera en la regi\u00f3n es el principal causante del problema.<\/p>\n<p style=\"text-align: justify;\">Asimismo, asever\u00f3 que el uso de la violencia y la guerra en Ucrania se debi\u00f3 a los planes estadounidenses destinados a debilitar a los pa\u00edses.<\/p>\n<p style=\"text-align: justify;\">Nuestro pa\u00eds apoya el m\u00e1ximo acercamiento econ\u00f3mico y pol\u00edtico dentro y entre las regiones y est\u00e1 interesado en interactuar con el mundo entero sobre la base de la justicia, dijo el Gobernante.<\/p>\n<p style=\"text-align: justify;\"><strong>ws\/fm<\/strong><\/p>\n","protected":false},"excerpt":{"rendered":"<p>El mundo se encuentra actualmente en una etapa de cambio y transici\u00f3n hacia un sistema internacional emergente, donde el viejo orden liberal que serv\u00eda los intereses de los hegemones y los capitalistas insaciables ya no existe&#8221;, dijo Raisi en su discurso durante el 78 periodo de sesiones de la Asamblea General de las Naciones Unidas. &hellip;<\/p>\n","protected":false},"author":35,"featured_media":309096,"comment_status":"closed","ping_status":"closed","sticky":false,"template":"","format":"standard","meta":{"footnotes":""},"categories":[597,456,16687,20724,7541],"tags":[],"class_list":["post-309095","post","type-post","status-publish","format-standard","has-post-thumbnail","","category-cinta-de-noticias","category-arabe-internacional-politica","category-internacionales","category-minuto-a-minuto","category-ultimas-noticias"],"_links":{"self":[{"href":"https:\/\/archive.sana.sy\/es\/index.php?rest_route=\/wp\/v2\/posts\/309095"}],"collection":[{"href":"https:\/\/archive.sana.sy\/es\/index.php?rest_route=\/wp\/v2\/posts"}],"about":[{"href":"https:\/\/archive.sana.sy\/es\/index.php?rest_route=\/wp\/v2\/types\/post"}],"author":[{"embeddable":true,"href":"https:\/\/archive.sana.sy\/es\/index.php?rest_route=\/wp\/v2\/users\/35"}],"replies":[{"embeddable":true,"href":"https:\/\/archive.sana.sy\/es\/index.php?rest_route=%2Fwp%2Fv2%2Fcomments&post=309095"}],"version-history":[{"count":4,"href":"https:\/\/archive.sana.sy\/es\/index.php?rest_route=\/wp\/v2\/posts\/309095\/revisions"}],"predecessor-version":[{"id":309151,"href":"https:\/\/archive.sana.sy\/es\/index.php?rest_route=\/wp\/v2\/posts\/309095\/revisions\/309151"}],"wp:featuredmedia":[{"embeddable":true,"href":"https:\/\/archive.sana.sy\/es\/index.php?rest_route=\/wp\/v2\/media\/309096"}],"wp:attachment":[{"href":"https:\/\/archive.sana.sy\/es\/index.php?rest_route=%2Fwp%2Fv2%2Fmedia&parent=309095"}],"wp:term":[{"taxonomy":"category","embeddable":true,"href":"https:\/\/archive.sana.sy\/es\/index.php?rest_route=%2Fwp%2Fv2%2Fcategories&post=309095"},{"taxonomy":"post_tag","embeddable":true,"href":"https:\/\/archive.sana.sy\/es\/index.php?rest_route=%2Fwp%2Fv2%2Ftags&post=309095"}],"curies":[{"name":"wp","href":"https:\/\/api.w.org\/{rel}","templated":true}]}}