{"id":309154,"date":"2023-09-21T08:50:47","date_gmt":"2023-09-21T05:50:47","guid":{"rendered":"http:\/\/sana.sy\/es\/?p=309154"},"modified":"2023-09-21T10:38:37","modified_gmt":"2023-09-21T07:38:37","slug":"presidente-sirio-comienza-visita-oficial-a-china","status":"publish","type":"post","link":"https:\/\/archive.sana.sy\/es\/?p=309154","title":{"rendered":"Presidente sirio comienza visita oficial a China"},"content":{"rendered":"<blockquote>\n<p style=\"text-align: justify;\"><span style=\"color: #800000;\">Los dos presidentes Xi Jinping y Bashar Al-Assad sostendr\u00e1n una cumbre, mientras est\u00e1 programado que el mandatario sirio asista a varias actividades en las ciudades de Hangzhou y Pek\u00edn.<\/span><\/p>\n<\/blockquote>\n<p style=\"text-align: justify;\"><span style=\"color: #800000;\"><strong>Hangzhou, 21 sep (SANA)\u00a0<\/strong><\/span> El presidente Bashar Al-Assad comenz\u00f3 este jueves una visita oficial a la Rep\u00fablica Popular de China, por invitaci\u00f3n de su hom\u00f3logo chino Xi Jinping.<br \/>\n<img loading=\"lazy\" decoding=\"async\" class=\"size-medium wp-image-309177 alignright\" src=\"http:\/\/sana.sy\/es\/wp-content\/uploads\/2023\/09\/photo_2023-09-21_10-19-37-1-300x216.jpg\" alt=\"\" width=\"300\" height=\"216\" srcset=\"https:\/\/archive.sana.sy\/es\/wp-content\/uploads\/2023\/09\/photo_2023-09-21_10-19-37-1-300x216.jpg 300w, https:\/\/archive.sana.sy\/es\/wp-content\/uploads\/2023\/09\/photo_2023-09-21_10-19-37-1-1024x736.jpg 1024w, https:\/\/archive.sana.sy\/es\/wp-content\/uploads\/2023\/09\/photo_2023-09-21_10-19-37-1-150x108.jpg 150w, https:\/\/archive.sana.sy\/es\/wp-content\/uploads\/2023\/09\/photo_2023-09-21_10-19-37-1-768x552.jpg 768w, https:\/\/archive.sana.sy\/es\/wp-content\/uploads\/2023\/09\/photo_2023-09-21_10-19-37-1.jpg 1280w\" sizes=\"(max-width: 300px) 100vw, 300px\" \/><br \/>\nA su llegada al Aeropuerto Internacional de Khanzhou en el este de China, se efectu\u00f3 una ceremonia de recepci\u00f3n oficial, donde el Presidente y la Primera Dama fueron recibidos por el ministro chino de Comercio, Wang Wentao, el vicepresidente del Consejo de la provincia de Zhejiang, Gong Xiwei, y el embajador chino en Damasco.<\/p>\n<p>Asimismo, un grupo de ni\u00f1os chinos portaron banderas y cantaron canciones nacionales y tradicionales chinas.<\/p>\n<p>Dos ni\u00f1os chinos entregaron ramos de flores al Presidente y a la Primera Dama.<\/p>\n<p>Los dos presidentes Xi Jinping y Bashar Al-Assad sostendr\u00e1n una cumbre, mientras est\u00e1 programado que el mandatario sirio asista a varias actividades en las ciudades de Hangzhou y Pek\u00edn.<\/p>\n<p>Acompa\u00f1an al mandatario su esposa Asmaa Al-Assad y una delegaci\u00f3n conformada por el canciller Faisal Al-Mekdad, el ministro de Asuntos Presidenciales, Mansour Azzam, la asesora presidencial Luna Al-Shibel, el ministro de Econom\u00eda y Comercio Exterior, Mohammed Samer Khalil, adem\u00e1s de otros altos funcionarios.<\/p>\n<p>Siria y China firmaron en enero del 2022 un acuerdo que estipula la incorporaci\u00f3n de esta naci\u00f3n levantina a la iniciativa de la Franja Econ\u00f3mica de la Ruta de la Seda y la Ruta Mar\u00edtima de la Seda en el siglo XXI.<\/p>\n<p>Mientras en noviembre del 2021, los presidentes de China y Siria ratificaron durante una conversaci\u00f3n telef\u00f3nica la voluntad de impulsar la cooperaci\u00f3n y mantener el apoyo mutuo a sus causas nacionales y en los foros internacionales.<\/p>\n<p>China utiliz\u00f3 su derecho al veto en el Consejo de Seguridad en dos ocasiones en 2012 y 2017 contra proyectos de resoluci\u00f3n presentado por Washington y sus aliados contra Siria.<\/p>\n<p>El ministro de Asuntos Exteriores chino, Wang Yi, visit\u00f3 a Damasco en agosto del 2021 y se convirti\u00f3 en el primer funcionario extranjero que felicita al presidente Bashar Al-Assad por su reelecci\u00f3n.<\/p>\n<div id='gallery-1' class='gallery galleryid-309154 gallery-columns-1 gallery-size-full'><figure class='gallery-item'>\n\t\t\t<div class='gallery-icon landscape'>\n\t\t\t\t<a href='https:\/\/archive.sana.sy\/es\/wp-content\/uploads\/2023\/09\/photo_2023-09-21_10-34-21.jpg'><img loading=\"lazy\" decoding=\"async\" width=\"1280\" height=\"614\" src=\"https:\/\/archive.sana.sy\/es\/wp-content\/uploads\/2023\/09\/photo_2023-09-21_10-34-21.jpg\" class=\"attachment-full size-full\" alt=\"\" srcset=\"https:\/\/archive.sana.sy\/es\/wp-content\/uploads\/2023\/09\/photo_2023-09-21_10-34-21.jpg 1280w, https:\/\/archive.sana.sy\/es\/wp-content\/uploads\/2023\/09\/photo_2023-09-21_10-34-21-300x144.jpg 300w, https:\/\/archive.sana.sy\/es\/wp-content\/uploads\/2023\/09\/photo_2023-09-21_10-34-21-1024x491.jpg 1024w, https:\/\/archive.sana.sy\/es\/wp-content\/uploads\/2023\/09\/photo_2023-09-21_10-34-21-150x72.jpg 150w, https:\/\/archive.sana.sy\/es\/wp-content\/uploads\/2023\/09\/photo_2023-09-21_10-34-21-768x368.jpg 768w\" sizes=\"(max-width: 1280px) 100vw, 1280px\" \/><\/a>\n\t\t\t<\/div><\/figure><figure class='gallery-item'>\n\t\t\t<div class='gallery-icon landscape'>\n\t\t\t\t<a href='https:\/\/archive.sana.sy\/es\/wp-content\/uploads\/2023\/09\/photo_2023-09-21_10-17-31.jpg'><img loading=\"lazy\" decoding=\"async\" width=\"1280\" height=\"853\" src=\"https:\/\/archive.sana.sy\/es\/wp-content\/uploads\/2023\/09\/photo_2023-09-21_10-17-31.jpg\" class=\"attachment-full size-full\" alt=\"\" srcset=\"https:\/\/archive.sana.sy\/es\/wp-content\/uploads\/2023\/09\/photo_2023-09-21_10-17-31.jpg 1280w, https:\/\/archive.sana.sy\/es\/wp-content\/uploads\/2023\/09\/photo_2023-09-21_10-17-31-300x200.jpg 300w, https:\/\/archive.sana.sy\/es\/wp-content\/uploads\/2023\/09\/photo_2023-09-21_10-17-31-1024x682.jpg 1024w, https:\/\/archive.sana.sy\/es\/wp-content\/uploads\/2023\/09\/photo_2023-09-21_10-17-31-150x100.jpg 150w, https:\/\/archive.sana.sy\/es\/wp-content\/uploads\/2023\/09\/photo_2023-09-21_10-17-31-768x512.jpg 768w\" sizes=\"(max-width: 1280px) 100vw, 1280px\" \/><\/a>\n\t\t\t<\/div><\/figure><figure class='gallery-item'>\n\t\t\t<div class='gallery-icon landscape'>\n\t\t\t\t<a href='https:\/\/archive.sana.sy\/es\/wp-content\/uploads\/2023\/09\/photo_2023-09-21_10-34-18.jpg'><img loading=\"lazy\" decoding=\"async\" width=\"1280\" height=\"853\" src=\"https:\/\/archive.sana.sy\/es\/wp-content\/uploads\/2023\/09\/photo_2023-09-21_10-34-18.jpg\" class=\"attachment-full size-full\" alt=\"\" srcset=\"https:\/\/archive.sana.sy\/es\/wp-content\/uploads\/2023\/09\/photo_2023-09-21_10-34-18.jpg 1280w, https:\/\/archive.sana.sy\/es\/wp-content\/uploads\/2023\/09\/photo_2023-09-21_10-34-18-300x200.jpg 300w, https:\/\/archive.sana.sy\/es\/wp-content\/uploads\/2023\/09\/photo_2023-09-21_10-34-18-1024x682.jpg 1024w, https:\/\/archive.sana.sy\/es\/wp-content\/uploads\/2023\/09\/photo_2023-09-21_10-34-18-150x100.jpg 150w, https:\/\/archive.sana.sy\/es\/wp-content\/uploads\/2023\/09\/photo_2023-09-21_10-34-18-768x512.jpg 768w\" sizes=\"(max-width: 1280px) 100vw, 1280px\" \/><\/a>\n\t\t\t<\/div><\/figure><figure class='gallery-item'>\n\t\t\t<div class='gallery-icon landscape'>\n\t\t\t\t<a href='https:\/\/archive.sana.sy\/es\/wp-content\/uploads\/2023\/09\/photo_2023-09-21_10-19-35.jpg'><img loading=\"lazy\" decoding=\"async\" width=\"1280\" height=\"540\" src=\"https:\/\/archive.sana.sy\/es\/wp-content\/uploads\/2023\/09\/photo_2023-09-21_10-19-35.jpg\" class=\"attachment-full size-full\" alt=\"\" srcset=\"https:\/\/archive.sana.sy\/es\/wp-content\/uploads\/2023\/09\/photo_2023-09-21_10-19-35.jpg 1280w, https:\/\/archive.sana.sy\/es\/wp-content\/uploads\/2023\/09\/photo_2023-09-21_10-19-35-300x127.jpg 300w, https:\/\/archive.sana.sy\/es\/wp-content\/uploads\/2023\/09\/photo_2023-09-21_10-19-35-1024x432.jpg 1024w, https:\/\/archive.sana.sy\/es\/wp-content\/uploads\/2023\/09\/photo_2023-09-21_10-19-35-150x63.jpg 150w, https:\/\/archive.sana.sy\/es\/wp-content\/uploads\/2023\/09\/photo_2023-09-21_10-19-35-768x324.jpg 768w\" sizes=\"(max-width: 1280px) 100vw, 1280px\" \/><\/a>\n\t\t\t<\/div><\/figure><figure class='gallery-item'>\n\t\t\t<div class='gallery-icon landscape'>\n\t\t\t\t<a href='https:\/\/archive.sana.sy\/es\/wp-content\/uploads\/2023\/09\/photo_2023-09-21_10-34-25.jpg'><img loading=\"lazy\" decoding=\"async\" width=\"1280\" height=\"665\" src=\"https:\/\/archive.sana.sy\/es\/wp-content\/uploads\/2023\/09\/photo_2023-09-21_10-34-25.jpg\" class=\"attachment-full size-full\" alt=\"\" srcset=\"https:\/\/archive.sana.sy\/es\/wp-content\/uploads\/2023\/09\/photo_2023-09-21_10-34-25.jpg 1280w, https:\/\/archive.sana.sy\/es\/wp-content\/uploads\/2023\/09\/photo_2023-09-21_10-34-25-300x156.jpg 300w, https:\/\/archive.sana.sy\/es\/wp-content\/uploads\/2023\/09\/photo_2023-09-21_10-34-25-1024x532.jpg 1024w, https:\/\/archive.sana.sy\/es\/wp-content\/uploads\/2023\/09\/photo_2023-09-21_10-34-25-150x78.jpg 150w, https:\/\/archive.sana.sy\/es\/wp-content\/uploads\/2023\/09\/photo_2023-09-21_10-34-25-768x399.jpg 768w\" sizes=\"(max-width: 1280px) 100vw, 1280px\" \/><\/a>\n\t\t\t<\/div><\/figure>\n\t\t<\/div>\n\n<p style=\"text-align: justify;\"><strong>fm\/ws<\/strong><\/p>\n","protected":false},"excerpt":{"rendered":"<p>Los dos presidentes Xi Jinping y Bashar Al-Assad sostendr\u00e1n una cumbre, mientras est\u00e1 programado que el mandatario sirio asista a varias actividades en las ciudades de Hangzhou y Pek\u00edn. Hangzhou, 21 sep (SANA)\u00a0 El presidente Bashar Al-Assad comenz\u00f3 este jueves una visita oficial a la Rep\u00fablica Popular de China, por invitaci\u00f3n de su hom\u00f3logo chino &hellip;<\/p>\n","protected":false},"author":35,"featured_media":309180,"comment_status":"closed","ping_status":"closed","sticky":false,"template":"","format":"standard","meta":{"footnotes":""},"categories":[597,20724,16237,467,583],"tags":[],"class_list":["post-309154","post","type-post","status-publish","format-standard","has-post-thumbnail","","category-cinta-de-noticias","category-minuto-a-minuto","category-presidence-de-la-republique-arabe-syria","category-siria-y-el-mundo","category-slide"],"_links":{"self":[{"href":"https:\/\/archive.sana.sy\/es\/index.php?rest_route=\/wp\/v2\/posts\/309154"}],"collection":[{"href":"https:\/\/archive.sana.sy\/es\/index.php?rest_route=\/wp\/v2\/posts"}],"about":[{"href":"https:\/\/archive.sana.sy\/es\/index.php?rest_route=\/wp\/v2\/types\/post"}],"author":[{"embeddable":true,"href":"https:\/\/archive.sana.sy\/es\/index.php?rest_route=\/wp\/v2\/users\/35"}],"replies":[{"embeddable":true,"href":"https:\/\/archive.sana.sy\/es\/index.php?rest_route=%2Fwp%2Fv2%2Fcomments&post=309154"}],"version-history":[{"count":8,"href":"https:\/\/archive.sana.sy\/es\/index.php?rest_route=\/wp\/v2\/posts\/309154\/revisions"}],"predecessor-version":[{"id":309185,"href":"https:\/\/archive.sana.sy\/es\/index.php?rest_route=\/wp\/v2\/posts\/309154\/revisions\/309185"}],"wp:featuredmedia":[{"embeddable":true,"href":"https:\/\/archive.sana.sy\/es\/index.php?rest_route=\/wp\/v2\/media\/309180"}],"wp:attachment":[{"href":"https:\/\/archive.sana.sy\/es\/index.php?rest_route=%2Fwp%2Fv2%2Fmedia&parent=309154"}],"wp:term":[{"taxonomy":"category","embeddable":true,"href":"https:\/\/archive.sana.sy\/es\/index.php?rest_route=%2Fwp%2Fv2%2Fcategories&post=309154"},{"taxonomy":"post_tag","embeddable":true,"href":"https:\/\/archive.sana.sy\/es\/index.php?rest_route=%2Fwp%2Fv2%2Ftags&post=309154"}],"curies":[{"name":"wp","href":"https:\/\/api.w.org\/{rel}","templated":true}]}}