{"id":30923,"date":"2015-10-01T18:51:44","date_gmt":"2015-10-01T15:51:44","guid":{"rendered":"http:\/\/sana.sy\/es\/?p=30923"},"modified":"2015-10-01T18:51:44","modified_gmt":"2015-10-01T15:51:44","slug":"hadad-la-convocacion-de-siria-de-fuerzas-militares-rusas-es-conforme-con-el-derecho-internacional","status":"publish","type":"post","link":"https:\/\/archive.sana.sy\/es\/?p=30923","title":{"rendered":"Hadad: la convocaci\u00f3n\u00a0de Siria de fuerzas militares rusas es\u00a0conforme\u00a0con el derecho internacional"},"content":{"rendered":"<p><span style=\"color: #800000\">Mosc\u00fa, SANA<\/span><\/p>\n<p>El embajador de Siria en Rusia, Dr. Riyad Hadad subray\u00f3 que las operaciones \u00e1reas de Rusia en el territorio sirio tienen un s\u00f3lo objetivo que es la lucha contra el terrorismo.<\/p>\n<p>En una rueda de prensa sostenida este jueves en Mosc\u00fa, Hadad dijo que la intervenci\u00f3n militar rusa respondi\u00f3 a una solicitud de la autoridad leg\u00edtima de Siria, representada por el presidente Bashar al-Assad, subrayando que la petici\u00f3n siria es en conformidad con el derecho internacional y la Carta de la ONU.<\/p>\n<p>El embajador sirio agradeci\u00f3 a Rusia y su mandatario Vladimir Putin por esta postura basada en el derecho internacional y la Carta de la ONU.<\/p>\n<p>Hadad acot\u00f3 que las fuerzas a\u00e9reas rusas coordinan con el ej\u00e9rcito sirio, y atacan posiciones de la organizaci\u00f3n terrorista del Estado Isl\u00e1mico seg\u00fan coordenadas precisas. \u201cTodos se percatar\u00e1n de la importancia de los golpes lanzados por los cazas rusos\u201d, acot\u00f3.<br \/>\nAsimismo hizo hincapi\u00e9 en que la \u00fanica v\u00eda viable para luchar contra el terrorismo radica en la cooperaci\u00f3n con el ej\u00e9rcito y el Gobierno de Siria.<\/p>\n<p>El jefe de la misi\u00f3n diplom\u00e1tica en Rusia critic\u00f3 que las operaciones de la llamada Coalici\u00f3n Internacional han incrementado la superficie dominada por el EI.<\/p>\n<p>Concluyendo la rueda de prensa, Hadad recalc\u00f3 que el pueblo sirio aceptar\u00e1 s\u00f3lo una soluci\u00f3n pol\u00edtica basada en el respeto de su unidad, intereses y su derecho a la autodeterminaci\u00f3n.<\/p>\n<p>&nbsp;<\/p>\n<p>&nbsp;<\/p>\n<p>Lynn A.<\/p>\n","protected":false},"excerpt":{"rendered":"<p>Mosc\u00fa, SANA El embajador de Siria en Rusia, Dr. Riyad Hadad subray\u00f3 que las operaciones \u00e1reas de Rusia en el territorio sirio tienen un s\u00f3lo objetivo que es la lucha contra el terrorismo. En una rueda de prensa sostenida este jueves en Mosc\u00fa, Hadad dijo que la intervenci\u00f3n militar rusa respondi\u00f3 a una solicitud de &hellip;<\/p>\n","protected":false},"author":24,"featured_media":30924,"comment_status":"closed","ping_status":"closed","sticky":false,"template":"","format":"standard","meta":{"footnotes":""},"categories":[597,456,457,576],"tags":[6865],"class_list":["post-30923","post","type-post","status-publish","format-standard","has-post-thumbnail","","category-cinta-de-noticias","category-arabe-internacional-politica","category-noticias-arabe-internacional-politica","category-noticias-politicas","tag-hadad-la-convocacion-de-siria-de-fuerzas-militares-rusas-es-conforme-con-el-derecho-internacional"],"_links":{"self":[{"href":"https:\/\/archive.sana.sy\/es\/index.php?rest_route=\/wp\/v2\/posts\/30923"}],"collection":[{"href":"https:\/\/archive.sana.sy\/es\/index.php?rest_route=\/wp\/v2\/posts"}],"about":[{"href":"https:\/\/archive.sana.sy\/es\/index.php?rest_route=\/wp\/v2\/types\/post"}],"author":[{"embeddable":true,"href":"https:\/\/archive.sana.sy\/es\/index.php?rest_route=\/wp\/v2\/users\/24"}],"replies":[{"embeddable":true,"href":"https:\/\/archive.sana.sy\/es\/index.php?rest_route=%2Fwp%2Fv2%2Fcomments&post=30923"}],"version-history":[{"count":0,"href":"https:\/\/archive.sana.sy\/es\/index.php?rest_route=\/wp\/v2\/posts\/30923\/revisions"}],"wp:featuredmedia":[{"embeddable":true,"href":"https:\/\/archive.sana.sy\/es\/index.php?rest_route=\/wp\/v2\/media\/30924"}],"wp:attachment":[{"href":"https:\/\/archive.sana.sy\/es\/index.php?rest_route=%2Fwp%2Fv2%2Fmedia&parent=30923"}],"wp:term":[{"taxonomy":"category","embeddable":true,"href":"https:\/\/archive.sana.sy\/es\/index.php?rest_route=%2Fwp%2Fv2%2Fcategories&post=30923"},{"taxonomy":"post_tag","embeddable":true,"href":"https:\/\/archive.sana.sy\/es\/index.php?rest_route=%2Fwp%2Fv2%2Ftags&post=30923"}],"curies":[{"name":"wp","href":"https:\/\/api.w.org\/{rel}","templated":true}]}}