{"id":309256,"date":"2023-09-21T18:52:57","date_gmt":"2023-09-21T15:52:57","guid":{"rendered":"http:\/\/sana.sy\/es\/?p=309256"},"modified":"2023-09-21T18:52:57","modified_gmt":"2023-09-21T15:52:57","slug":"reportan-protestas-contra-milicia-separatista-aliada-de-eeuu-en-siria","status":"publish","type":"post","link":"https:\/\/archive.sana.sy\/es\/?p=309256","title":{"rendered":"Reportan protestas contra milicia separatista aliada de EEUU en Siria"},"content":{"rendered":"<p style=\"text-align: justify;\"><span style=\"color: #800000;\"><strong>Hasakeh, 21 sep (SANA)\u00a0<\/strong> <\/span>\u00a0Las protestas populares contra las llamadas Fuerzas Democr\u00e1ticas de Siria (FDS) contin\u00faan por cuarto d\u00eda consecutivo, en la ciudad de Qmishli, en el extremo nordeste de la provincia nororiental siria de Hasakeh, a unos 600 kil\u00f3metros al nordeste de Damasco, la capital.<\/p>\n<p style=\"text-align: justify;\">Activistas locales informaron a nuestra agencia que cientos de residentes y comerciantes se aglomeraron en la rotonda municipal de la menciona ciudad para denunciar las coercitivas medidas impuestas en su contra por esta milicia respaldada por EEUU.<\/p>\n<p style=\"text-align: justify;\">Aseguraron que las acciones criminales de los efectivos de FDS obligaron a los comerciantes a cerrar sus tiendas y a los agricultores a dejar de sembrar sus tierras agr\u00edcolas.<\/p>\n<p style=\"text-align: justify;\">Seg\u00fan las fuentes, los manifestantes pretenden hacer llegar la voz de los ciudadanos a la opini\u00f3n p\u00fablica, as\u00ed como exigir el fin de las acciones criminales de la FDS, que afectaron el sustento de los ciudadanos por un lado, y obligaron a un gran n\u00famero de j\u00f3venes a abandonar las zonas controladas por esta formaci\u00f3n ilegal para escapar del reclutamiento obligatorio.<\/p>\n<p style=\"text-align: justify;\">Protestas similares tuvieron lugar en las localidades de Mabada y Amuda en el campo de Qamishli, mientras se registr\u00f3 una huelga general en la ciudad de Al-Malikieh.<\/p>\n<p style=\"text-align: justify;\">sm\/fm<\/p>\n","protected":false},"excerpt":{"rendered":"<p>Hasakeh, 21 sep (SANA)\u00a0 \u00a0Las protestas populares contra las llamadas Fuerzas Democr\u00e1ticas de Siria (FDS) contin\u00faan por cuarto d\u00eda consecutivo, en la ciudad de Qmishli, en el extremo nordeste de la provincia nororiental siria de Hasakeh, a unos 600 kil\u00f3metros al nordeste de Damasco, la capital. Activistas locales informaron a nuestra agencia que cientos de &hellip;<\/p>\n","protected":false},"author":39,"featured_media":309257,"comment_status":"closed","ping_status":"closed","sticky":false,"template":"","format":"standard","meta":{"footnotes":""},"categories":[477,597,573,20724,476,583],"tags":[],"class_list":["post-309256","post","type-post","status-publish","format-standard","has-post-thumbnail","","category-noticias-edulcorantes","category-cinta-de-noticias","category-la-realidad-de-los-acontecimientos-en-siria","category-minuto-a-minuto","category-locales","category-slide"],"_links":{"self":[{"href":"https:\/\/archive.sana.sy\/es\/index.php?rest_route=\/wp\/v2\/posts\/309256"}],"collection":[{"href":"https:\/\/archive.sana.sy\/es\/index.php?rest_route=\/wp\/v2\/posts"}],"about":[{"href":"https:\/\/archive.sana.sy\/es\/index.php?rest_route=\/wp\/v2\/types\/post"}],"author":[{"embeddable":true,"href":"https:\/\/archive.sana.sy\/es\/index.php?rest_route=\/wp\/v2\/users\/39"}],"replies":[{"embeddable":true,"href":"https:\/\/archive.sana.sy\/es\/index.php?rest_route=%2Fwp%2Fv2%2Fcomments&post=309256"}],"version-history":[{"count":1,"href":"https:\/\/archive.sana.sy\/es\/index.php?rest_route=\/wp\/v2\/posts\/309256\/revisions"}],"predecessor-version":[{"id":309258,"href":"https:\/\/archive.sana.sy\/es\/index.php?rest_route=\/wp\/v2\/posts\/309256\/revisions\/309258"}],"wp:featuredmedia":[{"embeddable":true,"href":"https:\/\/archive.sana.sy\/es\/index.php?rest_route=\/wp\/v2\/media\/309257"}],"wp:attachment":[{"href":"https:\/\/archive.sana.sy\/es\/index.php?rest_route=%2Fwp%2Fv2%2Fmedia&parent=309256"}],"wp:term":[{"taxonomy":"category","embeddable":true,"href":"https:\/\/archive.sana.sy\/es\/index.php?rest_route=%2Fwp%2Fv2%2Fcategories&post=309256"},{"taxonomy":"post_tag","embeddable":true,"href":"https:\/\/archive.sana.sy\/es\/index.php?rest_route=%2Fwp%2Fv2%2Ftags&post=309256"}],"curies":[{"name":"wp","href":"https:\/\/api.w.org\/{rel}","templated":true}]}}