{"id":30927,"date":"2015-10-01T19:44:24","date_gmt":"2015-10-01T16:44:24","guid":{"rendered":"http:\/\/sana.sy\/es\/?p=30927"},"modified":"2015-10-02T17:12:54","modified_gmt":"2015-10-02T14:12:54","slug":"al-moallem-se-reune-con-los-cancilleres-de-la-india-argelia-cuba-la-republica-democratica-popular-de-corea-oman-y-rusia","status":"publish","type":"post","link":"https:\/\/archive.sana.sy\/es\/?p=30927","title":{"rendered":"Al-Moallem se re\u00fane con los cancilleres de la India, Argelia, Cuba, la Rep\u00fablica Democr\u00e1tica Popular de Corea, Om\u00e1n y Rusia"},"content":{"rendered":"<p><span style=\"color: #800000\">Nueva York, SANA<\/span><\/p>\n<p>El canciller sirio, Walid al-Moallem sostuvo ayer varias reuniones, al margen de las labores del 70 periodo de la Asamblea General de la ONU, con los cancilleres de la India, Argelia, Cuba, la Rep\u00fablica Democr\u00e1tica Popular de Corea, Om\u00e1n y Rusia.<\/p>\n<p>Las conversaciones giraron en torno de la situaci\u00f3n actual en el escenario internacional, sobre todo en Siria, donde los cuatro cancilleres expresaron el pleno apoyo de sus pa\u00edses con Siria, tanto pueblo como liderazgo, y su disposici\u00f3n de afianzar la cooperaci\u00f3n con la misma en todos los \u00e1mbitos.<\/p>\n<p>Asimismo manifestaron su respaldo a la acci\u00f3n a\u00e9rea de Rusia contra las organizaciones terroristas desplegadas en el territorio sirio, la cual se produce a petici\u00f3n del Gobierno sirio y en plena coordinaci\u00f3n con su ej\u00e9rcito.<\/p>\n<p>La ministra de Relaciones Exteriores india, Sushma Swaraj y el canciller argelino, Ramtan al-Amamra dirigieron una invitaci\u00f3n al canciller al-Moallem para visitar a sus pa\u00edses y dar seguimiento a las conversaciones bilaterales.<\/p>\n<p>A su vez, el canciller al-Moallem, hizo una panor\u00e1mica sobre los esfuerzos desempe\u00f1ados por Siria en materia de la lucha antiterrorista y la coordinaci\u00f3n siria-rusa en este respecto.<\/p>\n<p>Al-Moallem valor\u00f3 altamente las posturas de la India, Cuba, Argelia y la Rep\u00fablica Democr\u00e1tica de Corea en apoyo a Siria en las instancias internacionales.<\/p>\n<p>Asimismo resalt\u00f3 la importancia de fortalecer la cooperaci\u00f3n y coordinaci\u00f3n bilateral entre estos pa\u00edses y Siria en las instancias internacionales para hacer frente a los designios occidentales, exigiendo el cumplimiento de las resoluciones del Consejo de Seguridad de la ONU relativas a la lucha antiterrorista, as\u00ed como la aplicaci\u00f3n de presiones sobre los pa\u00edses que brindan apoyo financiero y armament\u00edstico a las organizaciones terroristas para que abandonen esta postura.<\/p>\n<p>El jefe de la diplomacia siria enfatiz\u00f3 que Siria seguir\u00e1 luchando contra el terrorismo hasta extirparlo, lo cual allanar\u00e1 el camino hacia un acuerdo pol\u00edtico en el pa\u00eds.<\/p>\n<p>De igual manera, el canciller sirio se reuni\u00f3 tambi\u00e9n con Youssef Bin Alawi, encargado de los Asuntos Exteriores de Om\u00e1n, donde ambas partes examinaron los esfuerzos lanzados con algunos pa\u00edses \u00e1rabes e internacionales para apoyar a Siria en su lucha contra el terrorismo y su b\u00fasqueda del arreglo pol\u00edtico.<\/p>\n<p>Bin Alawai manifest\u00f3 su disposici\u00f3n de visitar a Damasco para ayudar a Siria a dar con un arreglo pol\u00edtico que preserve su soberan\u00eda, integridad territorial y seguridad, y responde a los anhelos de su pueblo.<\/p>\n<p>La cooperaci\u00f3n siria-rusa en materia de la lucha contra el terrorismo ha sido el n\u00facleo de las conversaciones entre al-Moallem con su hom\u00f3logo ruso, Serguei Lavrov.<\/p>\n<p>Ambas partes examinaron en este marco la coordinaci\u00f3n militar entre los ej\u00e9rcitos de los dos pa\u00edses, as\u00ed como abordaron la \u00faltima propuesta del enviado especial de la ONU para Siria, Staffan de Mistura, sobre los cuatros grupos de trabajo encargados de crear ambientes propicios para el di\u00e1logo intersirio.<br \/>\nLynn A.<\/p>\n","protected":false},"excerpt":{"rendered":"<p>Nueva York, SANA El canciller sirio, Walid al-Moallem sostuvo ayer varias reuniones, al margen de las labores del 70 periodo de la Asamblea General de la ONU, con los cancilleres de la India, Argelia, Cuba, la Rep\u00fablica Democr\u00e1tica Popular de Corea, Om\u00e1n y Rusia. Las conversaciones giraron en torno de la situaci\u00f3n actual en el &hellip;<\/p>\n","protected":false},"author":24,"featured_media":30751,"comment_status":"closed","ping_status":"closed","sticky":false,"template":"","format":"standard","meta":{"footnotes":""},"categories":[597,456,457,576],"tags":[6866,6867,6868,6869,6870],"class_list":["post-30927","post","type-post","status-publish","format-standard","has-post-thumbnail","","category-cinta-de-noticias","category-arabe-internacional-politica","category-noticias-arabe-internacional-politica","category-noticias-politicas","tag-al-moallem-se-reune-con-los-cancilleres-de-la-india","tag-argelia","tag-cuba","tag-la-republica-democratica-popular-de-corea","tag-oman-y-rusia"],"_links":{"self":[{"href":"https:\/\/archive.sana.sy\/es\/index.php?rest_route=\/wp\/v2\/posts\/30927"}],"collection":[{"href":"https:\/\/archive.sana.sy\/es\/index.php?rest_route=\/wp\/v2\/posts"}],"about":[{"href":"https:\/\/archive.sana.sy\/es\/index.php?rest_route=\/wp\/v2\/types\/post"}],"author":[{"embeddable":true,"href":"https:\/\/archive.sana.sy\/es\/index.php?rest_route=\/wp\/v2\/users\/24"}],"replies":[{"embeddable":true,"href":"https:\/\/archive.sana.sy\/es\/index.php?rest_route=%2Fwp%2Fv2%2Fcomments&post=30927"}],"version-history":[{"count":0,"href":"https:\/\/archive.sana.sy\/es\/index.php?rest_route=\/wp\/v2\/posts\/30927\/revisions"}],"wp:featuredmedia":[{"embeddable":true,"href":"https:\/\/archive.sana.sy\/es\/index.php?rest_route=\/wp\/v2\/media\/30751"}],"wp:attachment":[{"href":"https:\/\/archive.sana.sy\/es\/index.php?rest_route=%2Fwp%2Fv2%2Fmedia&parent=30927"}],"wp:term":[{"taxonomy":"category","embeddable":true,"href":"https:\/\/archive.sana.sy\/es\/index.php?rest_route=%2Fwp%2Fv2%2Fcategories&post=30927"},{"taxonomy":"post_tag","embeddable":true,"href":"https:\/\/archive.sana.sy\/es\/index.php?rest_route=%2Fwp%2Fv2%2Ftags&post=30927"}],"curies":[{"name":"wp","href":"https:\/\/api.w.org\/{rel}","templated":true}]}}