{"id":309273,"date":"2023-09-22T10:16:25","date_gmt":"2023-09-22T07:16:25","guid":{"rendered":"http:\/\/sana.sy\/es\/?p=309273"},"modified":"2023-09-22T12:50:16","modified_gmt":"2023-09-22T09:50:16","slug":"siria-aborda-violaciones-de-la-carta-de-la-onu-con-altos-funcionarios-de-iran-y-eritrea","status":"publish","type":"post","link":"https:\/\/archive.sana.sy\/es\/?p=309273","title":{"rendered":"Siria aborda violaciones de la Carta de la ONU con altos funcionarios de Ir\u00e1n y Eritrea"},"content":{"rendered":"<p style=\"text-align: justify;\"><span style=\"color: #800000;\"><strong>Nueva York, 22 sep (SANA)<\/strong><\/span> El designado vicecanciller y jefe de la delegaci\u00f3n de la Rep\u00fablica \u00c1rabe Siria al 78\u00ba periodo de la Asamblea General de las Naciones Unidas, Bassam Sabbagh, examin\u00f3 con el canciller iran\u00ed, Hossein Amir Abdullahian, las v\u00edas de afianzar las relaciones estrat\u00e9gicas entre ambos pa\u00edses, as\u00ed como acelerar su desarrollo en varias \u00e1reas claves.<\/p>\n<p style=\"text-align: justify;\">Durante la reuni\u00f3n, que tuvo lugar en la sede de la ONU en Nueva York, se enfatiz\u00f3 la necesidad de respetar la soberan\u00eda y la integridad territorial de Siria, as\u00ed como continuar los esfuerzos para erradicar completamente el terrorismo.<\/p>\n<p style=\"text-align: justify;\">Ambas partes subrayaron la importancia de las reuniones celebradas bajo el formato de Astan\u00e1 para lograr una mayor estabilidad y seguridad en la regi\u00f3n.<\/p>\n<p style=\"text-align: justify;\"><span style=\"color: #0000ff;\">Siria y Eritrea por afianzar lazos bilaterales<\/span><\/p>\n<p style=\"text-align: justify;\">Asimismo, Sabbagh se reuni\u00f3 con el asesor pol\u00edtico principal del Presidente de Eritrea, Yemani Ghareeb, con quien abord\u00f3 las formas de fortalecer las relaciones bilaterales. Ambas partes enfatizaron la necesidad de intensificar las consultas mutuas.<img loading=\"lazy\" decoding=\"async\" class=\"size-full wp-image-309300 alignright\" src=\"http:\/\/sana.sy\/es\/wp-content\/uploads\/2023\/09\/4-16-300x171-1.jpg\" alt=\"\" width=\"300\" height=\"171\" srcset=\"https:\/\/archive.sana.sy\/es\/wp-content\/uploads\/2023\/09\/4-16-300x171-1.jpg 300w, https:\/\/archive.sana.sy\/es\/wp-content\/uploads\/2023\/09\/4-16-300x171-1-150x86.jpg 150w\" sizes=\"(max-width: 300px) 100vw, 300px\" \/><\/p>\n<p style=\"text-align: justify;\">Sabbagh destac\u00f3 la importancia del trabajo conjunto, incluido en el marco del Grupo de Amigos de la Carta de las Naciones Unidas, para desvelar los efectos catastr\u00f3ficos de las medidas coercitivas unilaterales impuestas por pa\u00edses occidentales a varias naciones, incluidas Siria y Eritrea, y la inclusi\u00f3n de estas cuestiones en la agenda de todas las reuniones de alto nivel y cumbres internacionales celebradas bajo el paraguas de las Naciones Unidas.<\/p>\n<p style=\"text-align: justify;\"><span style=\"color: #0000ff;\">Siria desvela violaciones de la Carta de la ONU en su territorio<\/span><\/p>\n<p style=\"text-align: justify;\">Asimismo, el funcionario sirio denunci\u00f3 durante un encuentro con el enviado especial de las Naciones Unidas para Siria, Geir Pedersen, las flagrantes violaciones de los principios de la Carta de las Naciones Unidas y el derecho internacional en Siria.<img loading=\"lazy\" decoding=\"async\" class=\"size-full wp-image-309301 alignright\" src=\"http:\/\/sana.sy\/es\/wp-content\/uploads\/2023\/09\/unnamed-file.jpg\" alt=\"\" width=\"300\" height=\"158\" srcset=\"https:\/\/archive.sana.sy\/es\/wp-content\/uploads\/2023\/09\/unnamed-file.jpg 300w, https:\/\/archive.sana.sy\/es\/wp-content\/uploads\/2023\/09\/unnamed-file-150x79.jpg 150w\" sizes=\"(max-width: 300px) 100vw, 300px\" \/><\/p>\n<p style=\"text-align: justify;\">\u201cEstas violaciones son resultado de la continua agresi\u00f3n israel\u00ed contra la soberan\u00eda siria, la presencia militar ilegal de Estados Unidos y Turqu\u00eda en el norte del pa\u00eds, as\u00ed como el inhumano bloqueo econ\u00f3mico impuesto al pueblo sirio\u201d, destac\u00f3 Sabbagh.<\/p>\n<p style=\"text-align: justify;\"><em><strong>ah\/fm<\/strong><\/em><\/p>\n","protected":false},"excerpt":{"rendered":"<p>Nueva York, 22 sep (SANA) El designado vicecanciller y jefe de la delegaci\u00f3n de la Rep\u00fablica \u00c1rabe Siria al 78\u00ba periodo de la Asamblea General de las Naciones Unidas, Bassam Sabbagh, examin\u00f3 con el canciller iran\u00ed, Hossein Amir Abdullahian, las v\u00edas de afianzar las relaciones estrat\u00e9gicas entre ambos pa\u00edses, as\u00ed como acelerar su desarrollo en &hellip;<\/p>\n","protected":false},"author":30,"featured_media":309276,"comment_status":"closed","ping_status":"closed","sticky":false,"template":"","format":"standard","meta":{"footnotes":""},"categories":[597,20724,467,583],"tags":[],"class_list":["post-309273","post","type-post","status-publish","format-standard","has-post-thumbnail","","category-cinta-de-noticias","category-minuto-a-minuto","category-siria-y-el-mundo","category-slide"],"_links":{"self":[{"href":"https:\/\/archive.sana.sy\/es\/index.php?rest_route=\/wp\/v2\/posts\/309273"}],"collection":[{"href":"https:\/\/archive.sana.sy\/es\/index.php?rest_route=\/wp\/v2\/posts"}],"about":[{"href":"https:\/\/archive.sana.sy\/es\/index.php?rest_route=\/wp\/v2\/types\/post"}],"author":[{"embeddable":true,"href":"https:\/\/archive.sana.sy\/es\/index.php?rest_route=\/wp\/v2\/users\/30"}],"replies":[{"embeddable":true,"href":"https:\/\/archive.sana.sy\/es\/index.php?rest_route=%2Fwp%2Fv2%2Fcomments&post=309273"}],"version-history":[{"count":3,"href":"https:\/\/archive.sana.sy\/es\/index.php?rest_route=\/wp\/v2\/posts\/309273\/revisions"}],"predecessor-version":[{"id":309303,"href":"https:\/\/archive.sana.sy\/es\/index.php?rest_route=\/wp\/v2\/posts\/309273\/revisions\/309303"}],"wp:featuredmedia":[{"embeddable":true,"href":"https:\/\/archive.sana.sy\/es\/index.php?rest_route=\/wp\/v2\/media\/309276"}],"wp:attachment":[{"href":"https:\/\/archive.sana.sy\/es\/index.php?rest_route=%2Fwp%2Fv2%2Fmedia&parent=309273"}],"wp:term":[{"taxonomy":"category","embeddable":true,"href":"https:\/\/archive.sana.sy\/es\/index.php?rest_route=%2Fwp%2Fv2%2Fcategories&post=309273"},{"taxonomy":"post_tag","embeddable":true,"href":"https:\/\/archive.sana.sy\/es\/index.php?rest_route=%2Fwp%2Fv2%2Ftags&post=309273"}],"curies":[{"name":"wp","href":"https:\/\/api.w.org\/{rel}","templated":true}]}}