{"id":309277,"date":"2023-09-22T10:20:59","date_gmt":"2023-09-22T07:20:59","guid":{"rendered":"http:\/\/sana.sy\/es\/?p=309277"},"modified":"2023-09-22T10:20:59","modified_gmt":"2023-09-22T07:20:59","slug":"siria-insta-ante-la-onu-a-reconocer-el-impacto-de-las-sanciones-unilaterales","status":"publish","type":"post","link":"https:\/\/archive.sana.sy\/es\/?p=309277","title":{"rendered":"Siria insta ante la ONU a reconocer el impacto de las sanciones unilaterales"},"content":{"rendered":"<p style=\"text-align: justify;\"><span style=\"color: #800000;\"><strong>Nueva York, 22 sep (SANA)<\/strong><\/span> El embajador Bassam Sabbagh, jefe de la delegaci\u00f3n de Siria al 78\u00ba periodo de sesiones de la Asamblea General de las Naciones Unidas, destac\u00f3 la necesidad de reconocer el impacto destructivo de las medidas coercitivas unilaterales en el proceso de desarrollo de los pa\u00edses afectados.<\/p>\n<p style=\"text-align: justify;\">\u201cSe debe fortalecer la implementaci\u00f3n de la Agenda 2030 en lugar de reemplazarla. En este sentido, Siria insiste en que no aceptar\u00e1 menos de lo que se ha logrado en esa agenda, incluido el reconocimiento del impacto destructivo de las medidas coercitivas unilaterales en el proceso de desarrollo de los pa\u00edses afectados\u201d, dijo Sabbagh durante un discurso en el marco de la Asamblea General de la ONU.<\/p>\n<p style=\"text-align: justify;\">Estas declaraciones de Sabbagh se produjeron durante la reuni\u00f3n ministerial preparatoria para la Cumbre del Futuro que se celebrar\u00e1 el pr\u00f3ximo a\u00f1o.<\/p>\n<p style=\"text-align: justify;\"><em><strong>ah\/fm<\/strong><\/em><\/p>\n","protected":false},"excerpt":{"rendered":"<p>Nueva York, 22 sep (SANA) El embajador Bassam Sabbagh, jefe de la delegaci\u00f3n de Siria al 78\u00ba periodo de sesiones de la Asamblea General de las Naciones Unidas, destac\u00f3 la necesidad de reconocer el impacto destructivo de las medidas coercitivas unilaterales en el proceso de desarrollo de los pa\u00edses afectados. \u201cSe debe fortalecer la implementaci\u00f3n &hellip;<\/p>\n","protected":false},"author":30,"featured_media":309278,"comment_status":"closed","ping_status":"closed","sticky":false,"template":"","format":"standard","meta":{"footnotes":""},"categories":[597,20724,467,7541],"tags":[],"class_list":["post-309277","post","type-post","status-publish","format-standard","has-post-thumbnail","","category-cinta-de-noticias","category-minuto-a-minuto","category-siria-y-el-mundo","category-ultimas-noticias"],"_links":{"self":[{"href":"https:\/\/archive.sana.sy\/es\/index.php?rest_route=\/wp\/v2\/posts\/309277"}],"collection":[{"href":"https:\/\/archive.sana.sy\/es\/index.php?rest_route=\/wp\/v2\/posts"}],"about":[{"href":"https:\/\/archive.sana.sy\/es\/index.php?rest_route=\/wp\/v2\/types\/post"}],"author":[{"embeddable":true,"href":"https:\/\/archive.sana.sy\/es\/index.php?rest_route=\/wp\/v2\/users\/30"}],"replies":[{"embeddable":true,"href":"https:\/\/archive.sana.sy\/es\/index.php?rest_route=%2Fwp%2Fv2%2Fcomments&post=309277"}],"version-history":[{"count":1,"href":"https:\/\/archive.sana.sy\/es\/index.php?rest_route=\/wp\/v2\/posts\/309277\/revisions"}],"predecessor-version":[{"id":309279,"href":"https:\/\/archive.sana.sy\/es\/index.php?rest_route=\/wp\/v2\/posts\/309277\/revisions\/309279"}],"wp:featuredmedia":[{"embeddable":true,"href":"https:\/\/archive.sana.sy\/es\/index.php?rest_route=\/wp\/v2\/media\/309278"}],"wp:attachment":[{"href":"https:\/\/archive.sana.sy\/es\/index.php?rest_route=%2Fwp%2Fv2%2Fmedia&parent=309277"}],"wp:term":[{"taxonomy":"category","embeddable":true,"href":"https:\/\/archive.sana.sy\/es\/index.php?rest_route=%2Fwp%2Fv2%2Fcategories&post=309277"},{"taxonomy":"post_tag","embeddable":true,"href":"https:\/\/archive.sana.sy\/es\/index.php?rest_route=%2Fwp%2Fv2%2Ftags&post=309277"}],"curies":[{"name":"wp","href":"https:\/\/api.w.org\/{rel}","templated":true}]}}