{"id":309323,"date":"2023-09-22T11:20:52","date_gmt":"2023-09-22T08:20:52","guid":{"rendered":"http:\/\/sana.sy\/es\/?p=309323"},"modified":"2023-09-22T16:38:05","modified_gmt":"2023-09-22T13:38:05","slug":"siria-denuncia-explotacion-del-tema-de-derechos-humanos-para-implementar-presiones-politicas-y-agendas-de-chantaje","status":"publish","type":"post","link":"https:\/\/archive.sana.sy\/es\/?p=309323","title":{"rendered":"Siria denuncia explotaci\u00f3n del tema de derechos humanos para implementar presiones pol\u00edticas y agendas de chantaje"},"content":{"rendered":"<p style=\"text-align: justify;\"><span style=\"color: #800000;\"><strong>Ginebra, 22 sep (SANA)<\/strong> <\/span>El representante permanente de Siria ante la Oficina de las Naciones Unidas y otras organizaciones internacionales en Ginebra, el embajador Haider Ali Ahmed, denunci\u00f3 hoy la continuaci\u00f3n de la escandalosa explotaci\u00f3n de los derechos humanos y la situaci\u00f3n humanitaria en Siria para la aplicaci\u00f3n de agendas de presi\u00f3n pol\u00edtica y chantaje.<\/p>\n<p style=\"text-align: justify;\">Este postura fue expresada por Ali Ahmed dijo durante un di\u00e1logo interactivo con la Comisi\u00f3n Internacional de Investigaci\u00f3n sobre Siria que celebr\u00f3 una sesi\u00f3n en el marco del 54\u00ba per\u00edodo de sesiones del Consejo de Derechos Humanos en Ginebra.<\/p>\n<p style=\"text-align: justify;\">Ciertos pa\u00edses hostiles imponen reuniones, mecanismos e informes politizados, selectivos y subjetivos dirigidos contra pa\u00edses espec\u00edficos, en este caso Siria, sin que esto tenga ning\u00fan resultado real o relaci\u00f3n con la protecci\u00f3n y promoci\u00f3n de los derechos humanos, afirm\u00f3 el diplom\u00e1tico.<\/p>\n<p style=\"text-align: justify;\">Asegur\u00f3 que repetir tales reuniones es un acto absurdo y una p\u00e9rdida de los recursos, el tiempo y el esfuerzo, y consider\u00f3 que en cada sesi\u00f3n se escuchan las declaraciones de ciertos pa\u00edses que miran al Consejo de Derechos Humanos nada m\u00e1s como una herramienta que emplean para favorecer sus agendas pol\u00edticas.<\/p>\n<p style=\"text-align: justify;\">El delegado sirio repudi\u00f3 que la referida Comisi\u00f3n de Investigaci\u00f3n ha estado insistiendo desde el comienzo de la guerra en Siria hace 12 a\u00f1os, en continuar con el mismo enfoque sesgado y en su lectura no objetiva de la situaci\u00f3n en Siria, sus causas y consecuencias, por lo que nos encontramos nuevamente ante distorsiones deliberadas de los hechos.<br \/>\nExplic\u00f3 que este comit\u00e9 se ha involucrado repetidamente en la evaluaci\u00f3n de cuestiones fuera de su mandato, y contin\u00faa ignorando cuestiones que se encuentran en el centro de los derechos humanos y que tienen una relaci\u00f3n causal directa con la el continuo deterioro de las condiciones humanitarias y de vida en Siria.<\/p>\n<p style=\"text-align: justify;\">Me refiero a los efectos de la presencia militar extranjera ilegal y el terrorismo, que sigue siendo apoyado por los Estados que patrocinan el mandato del Comit\u00e9, y la responsabilidad de los Estados Unidos por varios de sus pr\u00e1cticas ilegales contra el pueblo sirio, incluidos los actos de agresi\u00f3n, apoyo a grupos separatistas y el continuo saqueo de recursos naturales y cultivos agr\u00edcolas, puntualiz\u00f3.<\/p>\n<p style=\"text-align: justify;\">Por otro lado, se\u00f1al\u00f3 que las agrupaciones terroristas impiden la llegada de la ayuda humanitaria a la poblaci\u00f3n, sin embargo no escuchamos ni una sola palabra de cr\u00edtica en el Consejo de Derechos Humanos ni por parte del comit\u00e9 a estos radicales.<\/p>\n<p style=\"text-align: justify;\">Al final de su intervenci\u00f3n, llam\u00f3 a retirar las fuerzas militares ocupantes, estadounidenses y turcas, de todos los territorios sirios, restablecer la autoridad estatal sobre ellos, apoyar los esfuerzos destinados a facilitar el regreso de las personas desplazadas y refugiadas a sus hogares y levantar inmediata e incondicionalmente las medidas coercitivas unilaterales.<\/p>\n<p style=\"text-align: justify;\">fm\/sm<\/p>\n","protected":false},"excerpt":{"rendered":"<p>Ginebra, 22 sep (SANA) El representante permanente de Siria ante la Oficina de las Naciones Unidas y otras organizaciones internacionales en Ginebra, el embajador Haider Ali Ahmed, denunci\u00f3 hoy la continuaci\u00f3n de la escandalosa explotaci\u00f3n de los derechos humanos y la situaci\u00f3n humanitaria en Siria para la aplicaci\u00f3n de agendas de presi\u00f3n pol\u00edtica y chantaje. &hellip;<\/p>\n","protected":false},"author":39,"featured_media":309356,"comment_status":"closed","ping_status":"closed","sticky":false,"template":"","format":"standard","meta":{"footnotes":""},"categories":[477,597,573,20724,467,583],"tags":[],"class_list":["post-309323","post","type-post","status-publish","format-standard","has-post-thumbnail","","category-noticias-edulcorantes","category-cinta-de-noticias","category-la-realidad-de-los-acontecimientos-en-siria","category-minuto-a-minuto","category-siria-y-el-mundo","category-slide"],"_links":{"self":[{"href":"https:\/\/archive.sana.sy\/es\/index.php?rest_route=\/wp\/v2\/posts\/309323"}],"collection":[{"href":"https:\/\/archive.sana.sy\/es\/index.php?rest_route=\/wp\/v2\/posts"}],"about":[{"href":"https:\/\/archive.sana.sy\/es\/index.php?rest_route=\/wp\/v2\/types\/post"}],"author":[{"embeddable":true,"href":"https:\/\/archive.sana.sy\/es\/index.php?rest_route=\/wp\/v2\/users\/39"}],"replies":[{"embeddable":true,"href":"https:\/\/archive.sana.sy\/es\/index.php?rest_route=%2Fwp%2Fv2%2Fcomments&post=309323"}],"version-history":[{"count":1,"href":"https:\/\/archive.sana.sy\/es\/index.php?rest_route=\/wp\/v2\/posts\/309323\/revisions"}],"predecessor-version":[{"id":309324,"href":"https:\/\/archive.sana.sy\/es\/index.php?rest_route=\/wp\/v2\/posts\/309323\/revisions\/309324"}],"wp:featuredmedia":[{"embeddable":true,"href":"https:\/\/archive.sana.sy\/es\/index.php?rest_route=\/wp\/v2\/media\/309356"}],"wp:attachment":[{"href":"https:\/\/archive.sana.sy\/es\/index.php?rest_route=%2Fwp%2Fv2%2Fmedia&parent=309323"}],"wp:term":[{"taxonomy":"category","embeddable":true,"href":"https:\/\/archive.sana.sy\/es\/index.php?rest_route=%2Fwp%2Fv2%2Fcategories&post=309323"},{"taxonomy":"post_tag","embeddable":true,"href":"https:\/\/archive.sana.sy\/es\/index.php?rest_route=%2Fwp%2Fv2%2Ftags&post=309323"}],"curies":[{"name":"wp","href":"https:\/\/api.w.org\/{rel}","templated":true}]}}