{"id":309372,"date":"2023-09-23T09:19:06","date_gmt":"2023-09-23T06:19:06","guid":{"rendered":"http:\/\/sana.sy\/es\/?p=309372"},"modified":"2023-09-23T09:19:06","modified_gmt":"2023-09-23T06:19:06","slug":"palestino-herido-en-ataque-aereo-israeli-contra-la-franja-de-gaza","status":"publish","type":"post","link":"https:\/\/archive.sana.sy\/es\/?p=309372","title":{"rendered":"Palestino herido en ataque a\u00e9reo israel\u00ed contra la Franja de Gaza"},"content":{"rendered":"<p style=\"text-align: justify;\"><span style=\"color: #800000;\"><strong>Jerusal\u00e9n ocupada, 23 sep (SANA)<\/strong><\/span> Un palestino result\u00f3 herido ayer en un ataque a\u00e9reo de la aviaci\u00f3n israel\u00ed contra la asediada Franja de Gaza.<\/p>\n<p style=\"text-align: justify;\">Seg\u00fan divulg\u00f3 la agencia palestina de noticias Wafa, la aviaci\u00f3n israel\u00ed dispar\u00f3 dos cohetes que impactaron en \u00e1reas al este de la ciudad de Gaza, causando heridas a un palestino y da\u00f1os significativos en la infraestructura local.<\/p>\n<p style=\"text-align: justify;\">Adem\u00e1s, los tanques israel\u00edes bombardearon la zona de Juhar al-Dik, al sur de la ciudad de Gaza.<\/p>\n<p style=\"text-align: justify;\">En el mismo contexto, diez palestinos resultaron heridos debido a la agresi\u00f3n de las fuerzas de ocupaci\u00f3n israel\u00edes durante manifestaciones en la Franja de Gaza, en protesta por los continuos abusos perpetrados por el r\u00e9gimen de ocupaci\u00f3n contra el pueblo palestino.<\/p>\n<p style=\"text-align: justify;\"><em><strong>ah\/fm<\/strong><\/em><\/p>\n","protected":false},"excerpt":{"rendered":"<p>Jerusal\u00e9n ocupada, 23 sep (SANA) Un palestino result\u00f3 herido ayer en un ataque a\u00e9reo de la aviaci\u00f3n israel\u00ed contra la asediada Franja de Gaza. Seg\u00fan divulg\u00f3 la agencia palestina de noticias Wafa, la aviaci\u00f3n israel\u00ed dispar\u00f3 dos cohetes que impactaron en \u00e1reas al este de la ciudad de Gaza, causando heridas a un palestino y &hellip;<\/p>\n","protected":false},"author":30,"featured_media":309373,"comment_status":"closed","ping_status":"closed","sticky":false,"template":"","format":"standard","meta":{"footnotes":""},"categories":[456,16687,20724],"tags":[],"class_list":["post-309372","post","type-post","status-publish","format-standard","has-post-thumbnail","","category-arabe-internacional-politica","category-internacionales","category-minuto-a-minuto"],"_links":{"self":[{"href":"https:\/\/archive.sana.sy\/es\/index.php?rest_route=\/wp\/v2\/posts\/309372"}],"collection":[{"href":"https:\/\/archive.sana.sy\/es\/index.php?rest_route=\/wp\/v2\/posts"}],"about":[{"href":"https:\/\/archive.sana.sy\/es\/index.php?rest_route=\/wp\/v2\/types\/post"}],"author":[{"embeddable":true,"href":"https:\/\/archive.sana.sy\/es\/index.php?rest_route=\/wp\/v2\/users\/30"}],"replies":[{"embeddable":true,"href":"https:\/\/archive.sana.sy\/es\/index.php?rest_route=%2Fwp%2Fv2%2Fcomments&post=309372"}],"version-history":[{"count":1,"href":"https:\/\/archive.sana.sy\/es\/index.php?rest_route=\/wp\/v2\/posts\/309372\/revisions"}],"predecessor-version":[{"id":309374,"href":"https:\/\/archive.sana.sy\/es\/index.php?rest_route=\/wp\/v2\/posts\/309372\/revisions\/309374"}],"wp:featuredmedia":[{"embeddable":true,"href":"https:\/\/archive.sana.sy\/es\/index.php?rest_route=\/wp\/v2\/media\/309373"}],"wp:attachment":[{"href":"https:\/\/archive.sana.sy\/es\/index.php?rest_route=%2Fwp%2Fv2%2Fmedia&parent=309372"}],"wp:term":[{"taxonomy":"category","embeddable":true,"href":"https:\/\/archive.sana.sy\/es\/index.php?rest_route=%2Fwp%2Fv2%2Fcategories&post=309372"},{"taxonomy":"post_tag","embeddable":true,"href":"https:\/\/archive.sana.sy\/es\/index.php?rest_route=%2Fwp%2Fv2%2Ftags&post=309372"}],"curies":[{"name":"wp","href":"https:\/\/api.w.org\/{rel}","templated":true}]}}