{"id":30942,"date":"2015-10-02T15:55:50","date_gmt":"2015-10-02T12:55:50","guid":{"rendered":"http:\/\/sana.sy\/es\/?p=30942"},"modified":"2015-10-02T18:30:07","modified_gmt":"2015-10-02T15:30:07","slug":"lider-checheno-estamos-dispuestos-estamos-dispuestos-a-luchar-el-terrorismo-en-siria","status":"publish","type":"post","link":"https:\/\/archive.sana.sy\/es\/?p=30942","title":{"rendered":"L\u00edder checheno estamos dispuestos  a luchar contra  el terrorismo en Siria"},"content":{"rendered":"<p style=\"text-align: justify\"><span style=\"color: #800000\">Grozni, SANA<\/span>&#8211; Los soldados chechenos deben unirse a la operaci\u00f3n de Rusia contra el autodenominado Estado Isl\u00e1mico (EI) en Siria, inst\u00f3 el l\u00edder de la rep\u00fablica rusa de Chechenia, Ramz\u00e1n Kad\u00edrov.<\/p>\n<p style=\"text-align: justify\">&#8220;Pido que nos permitan llegar all\u00ed para participar en estas operaciones&#8221;, dijo citado por la RSN.<\/p>\n<p style=\"text-align: justify\">Kad\u00edrov destac\u00f3 la alta capacidad combativa de los soldados chechenos e indic\u00f3 que, como patriotas de Rusia, est\u00e1n listos para luchar contra el enemigo dondequiera que est\u00e9.<\/p>\n<p style=\"text-align: justify\">El l\u00edder checheno confes\u00f3 a RIA Novosti que tiene razones para pensar que es &#8220;enemigo n\u00famero uno&#8221; para los yihadistas.<br \/>\n&#8220;Soy enemigo n\u00famero uno para ellos, se preparan para asesinar a Kad\u00edrov&#8221;, dijo al agregar que &#8220;si hubieran podido lo habr\u00edan hecho antes&#8221;.<\/p>\n<p style=\"text-align: justify\">Es de se\u00f1alar que el Ministerio de Defensa ruso anunci\u00f3 el mi\u00e9rcoles que los aviones de la Fuerza Aeroespacial de Rusia han iniciado una operaci\u00f3n a\u00e9rea contra las posiciones del EI en Siria.<\/p>\n<p>M.Miri<\/p>\n","protected":false},"excerpt":{"rendered":"<p>Grozni, SANA&#8211; Los soldados chechenos deben unirse a la operaci\u00f3n de Rusia contra el autodenominado Estado Isl\u00e1mico (EI) en Siria, inst\u00f3 el l\u00edder de la rep\u00fablica rusa de Chechenia, Ramz\u00e1n Kad\u00edrov. &#8220;Pido que nos permitan llegar all\u00ed para participar en estas operaciones&#8221;, dijo citado por la RSN. Kad\u00edrov destac\u00f3 la alta capacidad combativa de los &hellip;<\/p>\n","protected":false},"author":1,"featured_media":30943,"comment_status":"closed","ping_status":"closed","sticky":false,"template":"","format":"standard","meta":{"footnotes":""},"categories":[456,457,576],"tags":[6881,6873],"class_list":["post-30942","post","type-post","status-publish","format-standard","has-post-thumbnail","","category-arabe-internacional-politica","category-noticias-arabe-internacional-politica","category-noticias-politicas","tag-lider-checheno-estamos-dispuestos-a-luchar-contra-el-terrorismo-en-siria","tag-lider-checheno-estamos-dispuestos-estamos-dispuestos-a-luchar-el-terrorismo-en-siria"],"_links":{"self":[{"href":"https:\/\/archive.sana.sy\/es\/index.php?rest_route=\/wp\/v2\/posts\/30942"}],"collection":[{"href":"https:\/\/archive.sana.sy\/es\/index.php?rest_route=\/wp\/v2\/posts"}],"about":[{"href":"https:\/\/archive.sana.sy\/es\/index.php?rest_route=\/wp\/v2\/types\/post"}],"author":[{"embeddable":true,"href":"https:\/\/archive.sana.sy\/es\/index.php?rest_route=\/wp\/v2\/users\/1"}],"replies":[{"embeddable":true,"href":"https:\/\/archive.sana.sy\/es\/index.php?rest_route=%2Fwp%2Fv2%2Fcomments&post=30942"}],"version-history":[{"count":0,"href":"https:\/\/archive.sana.sy\/es\/index.php?rest_route=\/wp\/v2\/posts\/30942\/revisions"}],"wp:featuredmedia":[{"embeddable":true,"href":"https:\/\/archive.sana.sy\/es\/index.php?rest_route=\/wp\/v2\/media\/30943"}],"wp:attachment":[{"href":"https:\/\/archive.sana.sy\/es\/index.php?rest_route=%2Fwp%2Fv2%2Fmedia&parent=30942"}],"wp:term":[{"taxonomy":"category","embeddable":true,"href":"https:\/\/archive.sana.sy\/es\/index.php?rest_route=%2Fwp%2Fv2%2Fcategories&post=30942"},{"taxonomy":"post_tag","embeddable":true,"href":"https:\/\/archive.sana.sy\/es\/index.php?rest_route=%2Fwp%2Fv2%2Ftags&post=30942"}],"curies":[{"name":"wp","href":"https:\/\/api.w.org\/{rel}","templated":true}]}}