{"id":30945,"date":"2015-10-02T16:39:33","date_gmt":"2015-10-02T13:39:33","guid":{"rendered":"http:\/\/sana.sy\/es\/?p=30945"},"modified":"2015-10-02T16:39:33","modified_gmt":"2015-10-02T13:39:33","slug":"terrorista-confiesa-participacion-de-hamas-en-las-actividades-terroristas-en-siria","status":"publish","type":"post","link":"https:\/\/archive.sana.sy\/es\/?p=30945","title":{"rendered":"Terrorista confiesa participaci\u00f3n de &#8220;Hamas&#8221;  en las actividades terroristas en Siria"},"content":{"rendered":"<p style=\"text-align: justify\"><span style=\"color: #800000\">Damasco, SANA<\/span>&#8211; EL terrorista palestino-jordano afiliada a la &#8220;Hermandad Musulmana&#8221;, admiti\u00f3 haber participado en actos de terrorismo y en el entrenamiento de los terroristas en los campos de refugiados palestinos y otras \u00e1reas en Siria y del papal que jug\u00f3 el \u201cMovimiento Hamas\u201d en este sentido.<\/p>\n<p style=\"text-align: justify\">En sus confesiones transmitidas por la televisi\u00f3n siria el jueves por la noche, Bishr Yousef Ali al-Janoudi destac\u00f3 que el movimiento palestino Hamas particip\u00f3 en las actividades terroristas, agregando que Hamas ten\u00eda pensado una base del Hermandad Musulmana en Siria.<\/p>\n<p style=\"text-align: justify\">Al-Janoudi, nacido en Kuwait en 1970, dijo que tiene un pasaporte jordano y que jur\u00f3 lealtad a los &#8220;Hermanos Musulmanes&#8221; en 1989, despu\u00e9s viaj\u00f3 a Pakist\u00e1n y estudi\u00f3 en la Universidad Isl\u00e1mica pakistan\u00ed hasta 1996, luego volvi\u00f3 a Jordania a trabajar all\u00ed en el centro de la Hermandad Musulmana en Amm\u00e1n.<\/p>\n<p style=\"text-align: justify\">Agreg\u00f3 que m\u00e1s tarde trabaj\u00f3 para el &#8220;Movimiento de Resistencia Isl\u00e1mica Hamas&#8221;, donde lleg\u00f3 a trabajar directamente con su l\u00edder Khaled Meshaal en Jordania hasta que las oficinas de Hamas fueron cerradas por las autoridades jordanas y la expulsi\u00f3n de sus miembros a Qatar.<\/p>\n<p style=\"text-align: justify\">El terrorista dijo en sus confesiones que se traslad\u00f3 a Siria para trabajar con el de equipo de protecci\u00f3n personal de Khaled Meshaal a principios de 2001.<\/p>\n<p style=\"text-align: justify\">Al-Janoudi dijo que tuvo la tarea de entrenar a los palestinos en los campamentos seg\u00fan un &#8220;programa de preparaci\u00f3n de combatientes&#8221; en una finca en la zona de Drousha.<\/p>\n<p style=\"text-align: justify\">Otras actividades realizadas por el terrorista han sido la calificaci\u00f3n y la formaci\u00f3n de los llamados &#8221; Batallones Al Sahaba &#8221; en Daraya, y los grupos terroristas de &#8220;Ahrar al-Sham&#8221;, &#8220;Liwa al-Tawhid&#8221;, Suqour Idleb &#8220;y Failaq al-Sham&#8221; en Sarmada en el campo de Idleb, en 2012, de acuerdo con al-Janoudi.<\/p>\n<p style=\"text-align: justify\">El terrorista admiti\u00f3 haber participado en el entrenamiento del &#8221; Batall\u00f3n Shabab al-Huda &#8221; en al-Gutta Oriental en el campo de Damasco, donde m\u00e1s tarde se estableci\u00f3 una &#8220;academia de entrenamiento&#8221; llamada &#8221; la Academia de Aknaf Bait al-Maqdes\u201d.<\/p>\n<p style=\"text-align: justify\">Al-Janoudi confes\u00f3 que la creaci\u00f3n de un &#8220;grupo de intervenci\u00f3n r\u00e1pida&#8221; de los cuadros de Hamas en el campamento al-Yarmuk, cerca de Damasco, facilit\u00f3 la entrada del &#8220;Ej\u00e9rcito Libre Sirio&#8221; en el campamento cuyos combatientes cometieron saqueos y robos en la zona.<\/p>\n<p style=\"text-align: justify\">El terrorista admiti\u00f3 que \u00e9l mismo supervis\u00f3 las operaciones de creaci\u00f3n de fortificaciones y la excavaci\u00f3n de t\u00faneles en el este del campamento al-Yarmuk.<\/p>\n<p>M.Miri<\/p>\n","protected":false},"excerpt":{"rendered":"<p>Damasco, SANA&#8211; EL terrorista palestino-jordano afiliada a la &#8220;Hermandad Musulmana&#8221;, admiti\u00f3 haber participado en actos de terrorismo y en el entrenamiento de los terroristas en los campos de refugiados palestinos y otras \u00e1reas en Siria y del papal que jug\u00f3 el \u201cMovimiento Hamas\u201d en este sentido. En sus confesiones transmitidas por la televisi\u00f3n siria el &hellip;<\/p>\n","protected":false},"author":1,"featured_media":30946,"comment_status":"closed","ping_status":"closed","sticky":false,"template":"","format":"standard","meta":{"footnotes":""},"categories":[477,597,456,476,457,576],"tags":[6874],"class_list":["post-30945","post","type-post","status-publish","format-standard","has-post-thumbnail","","category-noticias-edulcorantes","category-cinta-de-noticias","category-arabe-internacional-politica","category-locales","category-noticias-arabe-internacional-politica","category-noticias-politicas","tag-terrorista-confiesa-participacion-de-hamas-en-las-actividades-terroristas-en-siria"],"_links":{"self":[{"href":"https:\/\/archive.sana.sy\/es\/index.php?rest_route=\/wp\/v2\/posts\/30945"}],"collection":[{"href":"https:\/\/archive.sana.sy\/es\/index.php?rest_route=\/wp\/v2\/posts"}],"about":[{"href":"https:\/\/archive.sana.sy\/es\/index.php?rest_route=\/wp\/v2\/types\/post"}],"author":[{"embeddable":true,"href":"https:\/\/archive.sana.sy\/es\/index.php?rest_route=\/wp\/v2\/users\/1"}],"replies":[{"embeddable":true,"href":"https:\/\/archive.sana.sy\/es\/index.php?rest_route=%2Fwp%2Fv2%2Fcomments&post=30945"}],"version-history":[{"count":0,"href":"https:\/\/archive.sana.sy\/es\/index.php?rest_route=\/wp\/v2\/posts\/30945\/revisions"}],"wp:featuredmedia":[{"embeddable":true,"href":"https:\/\/archive.sana.sy\/es\/index.php?rest_route=\/wp\/v2\/media\/30946"}],"wp:attachment":[{"href":"https:\/\/archive.sana.sy\/es\/index.php?rest_route=%2Fwp%2Fv2%2Fmedia&parent=30945"}],"wp:term":[{"taxonomy":"category","embeddable":true,"href":"https:\/\/archive.sana.sy\/es\/index.php?rest_route=%2Fwp%2Fv2%2Fcategories&post=30945"},{"taxonomy":"post_tag","embeddable":true,"href":"https:\/\/archive.sana.sy\/es\/index.php?rest_route=%2Fwp%2Fv2%2Ftags&post=30945"}],"curies":[{"name":"wp","href":"https:\/\/api.w.org\/{rel}","templated":true}]}}