{"id":309471,"date":"2023-09-23T20:31:17","date_gmt":"2023-09-23T17:31:17","guid":{"rendered":"http:\/\/sana.sy\/es\/?p=309471"},"modified":"2023-09-23T20:36:19","modified_gmt":"2023-09-23T17:36:19","slug":"los-tanques-abrams-no-sobreviviran-mucho-tiempo-en-el-campo-de-batalla-reconoce-ucrania","status":"publish","type":"post","link":"https:\/\/archive.sana.sy\/es\/?p=309471","title":{"rendered":"Los tanques Abrams no sobrevivir\u00e1n mucho tiempo en el campo de batalla, reconoce Ucrania"},"content":{"rendered":"<p style=\"text-align: justify;\"><span style=\"color: #800000;\"><strong>Mosc\u00fa, 23 sep (SANA)\u00a0<\/strong><\/span> \u00a0Los tanques Abrams suministrados por Estados Unidos solo deber\u00edan ser desplegados por Kiev en operaciones de avance espec\u00edficas, o ser\u00e1n r\u00e1pidamente destruidos por las fuerzas rusas, declar\u00f3 el jefe de la Direcci\u00f3n General de Inteligencia de Ucrania, Kiril Bud\u00e1nov, citado por RT.<\/p>\n<p style=\"text-align: justify;\">En una entrevista con el sitio web War Zone, dijo que los 31 veh\u00edculos blindados \u2014que seg\u00fan el presidente de EE.UU., Joe Biden, llegar\u00e1n a Ucrania &#8220;la pr\u00f3xima semana&#8221;\u2014 &#8220;deben usarse de una manera muy adaptada para operaciones muy espec\u00edficas y bien dise\u00f1adas porque si se usan en la l\u00ednea del frente y solo en una lucha de armas combinadas, no sobrevivir\u00e1n mucho tiempo en el campo de batalla&#8221;.<\/p>\n<p style=\"text-align: justify;\">Adem\u00e1s, el jefe de la Inteligencia ucraniana ha se\u00f1alado que en el conflicto con Rusia, el amplio uso de artiller\u00eda y minas ha reducido &#8220;al m\u00ednimo la posibilidad de utilizar equipos blindados en pr\u00e1cticamente todas las direcciones principales&#8221;.<\/p>\n<p style=\"text-align: justify;\">Por otra parte, el jefe de la Inteligencia ucraniana ha subrayado que en las zonas de combate &#8220;hay un alto nivel de saturaci\u00f3n de campos de minas tanto antipersonal como antitanques&#8221;.<\/p>\n<p style=\"text-align: justify;\">fm\/rr<\/p>\n","protected":false},"excerpt":{"rendered":"<p>Mosc\u00fa, 23 sep (SANA)\u00a0 \u00a0Los tanques Abrams suministrados por Estados Unidos solo deber\u00edan ser desplegados por Kiev en operaciones de avance espec\u00edficas, o ser\u00e1n r\u00e1pidamente destruidos por las fuerzas rusas, declar\u00f3 el jefe de la Direcci\u00f3n General de Inteligencia de Ucrania, Kiril Bud\u00e1nov, citado por RT. En una entrevista con el sitio web War Zone, &hellip;<\/p>\n","protected":false},"author":31,"featured_media":309472,"comment_status":"closed","ping_status":"closed","sticky":false,"template":"","format":"standard","meta":{"footnotes":""},"categories":[597,456,16687],"tags":[6695,20357],"class_list":["post-309471","post","type-post","status-publish","format-standard","has-post-thumbnail","","category-cinta-de-noticias","category-arabe-internacional-politica","category-internacionales","tag-rusia","tag-ucrania"],"_links":{"self":[{"href":"https:\/\/archive.sana.sy\/es\/index.php?rest_route=\/wp\/v2\/posts\/309471"}],"collection":[{"href":"https:\/\/archive.sana.sy\/es\/index.php?rest_route=\/wp\/v2\/posts"}],"about":[{"href":"https:\/\/archive.sana.sy\/es\/index.php?rest_route=\/wp\/v2\/types\/post"}],"author":[{"embeddable":true,"href":"https:\/\/archive.sana.sy\/es\/index.php?rest_route=\/wp\/v2\/users\/31"}],"replies":[{"embeddable":true,"href":"https:\/\/archive.sana.sy\/es\/index.php?rest_route=%2Fwp%2Fv2%2Fcomments&post=309471"}],"version-history":[{"count":1,"href":"https:\/\/archive.sana.sy\/es\/index.php?rest_route=\/wp\/v2\/posts\/309471\/revisions"}],"predecessor-version":[{"id":309473,"href":"https:\/\/archive.sana.sy\/es\/index.php?rest_route=\/wp\/v2\/posts\/309471\/revisions\/309473"}],"wp:featuredmedia":[{"embeddable":true,"href":"https:\/\/archive.sana.sy\/es\/index.php?rest_route=\/wp\/v2\/media\/309472"}],"wp:attachment":[{"href":"https:\/\/archive.sana.sy\/es\/index.php?rest_route=%2Fwp%2Fv2%2Fmedia&parent=309471"}],"wp:term":[{"taxonomy":"category","embeddable":true,"href":"https:\/\/archive.sana.sy\/es\/index.php?rest_route=%2Fwp%2Fv2%2Fcategories&post=309471"},{"taxonomy":"post_tag","embeddable":true,"href":"https:\/\/archive.sana.sy\/es\/index.php?rest_route=%2Fwp%2Fv2%2Ftags&post=309471"}],"curies":[{"name":"wp","href":"https:\/\/api.w.org\/{rel}","templated":true}]}}