{"id":309474,"date":"2023-09-24T07:59:10","date_gmt":"2023-09-24T04:59:10","guid":{"rendered":"http:\/\/sana.sy\/es\/?p=309474"},"modified":"2023-09-24T07:59:59","modified_gmt":"2023-09-24T04:59:59","slug":"lavrov-exige-fin-del-bloqueo-de-eeuu-y-ue-a-siria-y-alerta-que-el-mundo-se-desliza-hacia-una-gran-guerra","status":"publish","type":"post","link":"https:\/\/archive.sana.sy\/es\/?p=309474","title":{"rendered":"Lavrov exige fin del bloqueo de EEUU y UE a Siria, y alerta que el mundo se desliza hacia una gran guerra"},"content":{"rendered":"<p style=\"text-align: justify;\"><span style=\"color: #800000;\"><strong>Nueva York, 24 sep (SANA)\u00a0<\/strong> <\/span>\u00a0El ministro ruso de Asuntos Exteriores, Sergei Lavrov, llam\u00f3 a Estados Unidos y a la Uni\u00f3n Europea a levantar las sanciones unilaterales impuestas a Siria y que obstaculizan su derecho al desarrollo.<\/p>\n<p style=\"text-align: justify;\">En un discurso ante el septuag\u00e9simo octavo per\u00edodo de sesiones de la Asamblea General de las Naciones Unidas en Nueva York, Lavrov dijo que \u201cel uso por parte de Occidente de medidas coercitivas unilaterales constituye una violaci\u00f3n flagrante del principio de igualdad soberana entre pa\u00edses\u201d.<\/p>\n<p style=\"text-align: justify;\">Consider\u00f3 que estas medidas afectan principalmente a los segmentos m\u00e1s vulnerables de la sociedad.<\/p>\n<p style=\"text-align: justify;\">Lavrov advirti\u00f3 contra el riesgo de que el mundo caiga en una gran guerra. &#8220;Hoy, la humanidad se encuentra una vez m\u00e1s, como sucedi\u00f3 muchas veces en el pasado, en una encrucijada y es de inter\u00e9s com\u00fan evitar el deslizamiento hacia una gran guerra y el colapso de los mecanismos de cooperaci\u00f3n internacional que nuestros antepasados crearon de manera completa&#8221;, precis\u00f3.<\/p>\n<p style=\"text-align: justify;\">El jefe de la diplomacia rusa agreg\u00f3 que la obsesi\u00f3n de infligir una &#8220;derrota estrat\u00e9gica&#8221; a Mosc\u00fa &#8220;ha cegado&#8221; a los pol\u00edticos occidentales a pesar de los riesgos para su propia supervivencia.<\/p>\n<p style=\"text-align: justify;\">En ese sentido, mencion\u00f3 que EE.UU. y sus aliados de la OTAN realizaron una serie de ejercicios militares que inclu\u00edan el entrenamiento en el uso de armas nucleares contra Rusia.<\/p>\n<p style=\"text-align: justify;\">&#8220;La serie de recientes ejercicios conjuntos entre EE.UU. y los aliados europeos de la OTAN, incluidos escenarios de prueba para el uso de armas nucleares contra el territorio de la Federaci\u00f3n Rusa, no tiene precedentes desde el final de la Guerra Fr\u00eda&#8221;, manifest\u00f3 el canciller.<\/p>\n<p style=\"text-align: justify;\">El ministro de Exteriores destac\u00f3 la necesidad de reformar &#8220;la arquitectura existente de la gobernanza global&#8221;.<\/p>\n<p style=\"text-align: justify;\">Entre otros pasos, reiter\u00f3 que EE.UU. y sus aliados deben reconocer &#8220;el peso real econ\u00f3mico de los pa\u00edses del Sur Global&#8221;. Seg\u00fan sus declaraciones, se solicita cada vez m\u00e1s la ampliaci\u00f3n del Consejo de Seguridad de la ONU para que haya m\u00e1s representaci\u00f3n de pa\u00edses de Asia, \u00c1frica y Am\u00e9rica Latina.<\/p>\n<p style=\"text-align: justify;\"><strong>fm\/ws<\/strong><\/p>\n","protected":false},"excerpt":{"rendered":"<p>Nueva York, 24 sep (SANA)\u00a0 \u00a0El ministro ruso de Asuntos Exteriores, Sergei Lavrov, llam\u00f3 a Estados Unidos y a la Uni\u00f3n Europea a levantar las sanciones unilaterales impuestas a Siria y que obstaculizan su derecho al desarrollo. En un discurso ante el septuag\u00e9simo octavo per\u00edodo de sesiones de la Asamblea General de las Naciones Unidas &hellip;<\/p>\n","protected":false},"author":35,"featured_media":309475,"comment_status":"closed","ping_status":"closed","sticky":false,"template":"","format":"standard","meta":{"footnotes":""},"categories":[597,20724,467,583],"tags":[],"class_list":["post-309474","post","type-post","status-publish","format-standard","has-post-thumbnail","","category-cinta-de-noticias","category-minuto-a-minuto","category-siria-y-el-mundo","category-slide"],"_links":{"self":[{"href":"https:\/\/archive.sana.sy\/es\/index.php?rest_route=\/wp\/v2\/posts\/309474"}],"collection":[{"href":"https:\/\/archive.sana.sy\/es\/index.php?rest_route=\/wp\/v2\/posts"}],"about":[{"href":"https:\/\/archive.sana.sy\/es\/index.php?rest_route=\/wp\/v2\/types\/post"}],"author":[{"embeddable":true,"href":"https:\/\/archive.sana.sy\/es\/index.php?rest_route=\/wp\/v2\/users\/35"}],"replies":[{"embeddable":true,"href":"https:\/\/archive.sana.sy\/es\/index.php?rest_route=%2Fwp%2Fv2%2Fcomments&post=309474"}],"version-history":[{"count":2,"href":"https:\/\/archive.sana.sy\/es\/index.php?rest_route=\/wp\/v2\/posts\/309474\/revisions"}],"predecessor-version":[{"id":309477,"href":"https:\/\/archive.sana.sy\/es\/index.php?rest_route=\/wp\/v2\/posts\/309474\/revisions\/309477"}],"wp:featuredmedia":[{"embeddable":true,"href":"https:\/\/archive.sana.sy\/es\/index.php?rest_route=\/wp\/v2\/media\/309475"}],"wp:attachment":[{"href":"https:\/\/archive.sana.sy\/es\/index.php?rest_route=%2Fwp%2Fv2%2Fmedia&parent=309474"}],"wp:term":[{"taxonomy":"category","embeddable":true,"href":"https:\/\/archive.sana.sy\/es\/index.php?rest_route=%2Fwp%2Fv2%2Fcategories&post=309474"},{"taxonomy":"post_tag","embeddable":true,"href":"https:\/\/archive.sana.sy\/es\/index.php?rest_route=%2Fwp%2Fv2%2Ftags&post=309474"}],"curies":[{"name":"wp","href":"https:\/\/api.w.org\/{rel}","templated":true}]}}