{"id":30948,"date":"2015-10-02T16:44:16","date_gmt":"2015-10-02T13:44:16","guid":{"rendered":"http:\/\/sana.sy\/es\/?p=30948"},"modified":"2015-10-02T16:44:16","modified_gmt":"2015-10-02T13:44:16","slug":"siria-escenario-de-una-guerra-mediatica","status":"publish","type":"post","link":"https:\/\/archive.sana.sy\/es\/?p=30948","title":{"rendered":"Siria: escenario de una guerra medi\u00e1tica"},"content":{"rendered":"<p style=\"text-align: justify\"><span style=\"color: #800000\">Damasco, SANA<\/span>&#8211; El periodista cubano Lu\u00eds Beat\u00f3n, opin\u00f3 en uno de sus art\u00edculos de opini\u00f3n publicados en la p\u00e1gina de la agencia Prensa Latina, que la guerra medi\u00e1tica por los bombardeos iniciados esta semana por Rusia contra objetivos terroristas tom\u00f3 impulso aun antes de que despegaran los primeros aviones, seg\u00fan alert\u00f3 el presidente ruso Vladimir Putin.<\/p>\n<p style=\"text-align: justify\">Preocupan a voceros occidentales y fuentes como el denominado Observatorio Sirio de Derechos Humanos las &#8216;v\u00edctimas civiles&#8217; que presuntamente provocan las incursiones de las naves de guerra rusas contra las posiciones del grupo terrorista Estado Isl\u00e1mico (EI) en Siria.<br \/>\nPor la forma en que se manifest\u00f3 la cobertura de medios occidentales y \u00e1rabes en los casi cinco a\u00f1o de agresi\u00f3n contra el pueblo sirio no es de extra\u00f1ar que comiencen a aparecer en las p\u00e1ginas de los medios, en las televisoras y en las redes sociales im\u00e1genes conmovedoras de muerte de civiles, por lo general fabricaciones de laboratorio.<\/p>\n<p style=\"text-align: justify\">El denominado Observatorio Sirio de Derechos Humanos, desde sus oficinas en Londres, cubre las incidencias de acciones, algo que ni los pocos periodistas que se aventuran en el terreno de combate pueden hacer.<\/p>\n<p style=\"text-align: justify\">Seg\u00fan esta fuente, varias personas resultaron heridas por un ataque de la aviaci\u00f3n rusa contra una mezquita en las posiciones del EI en Siria, lo que evidencia su &#8216;eficacia&#8217; en seguir los acontecimientos.<\/p>\n<p style=\"text-align: justify\">El presidente de la opositora Coalici\u00f3n Nacional Siria (Cnfro), Jaled Joya, afirm\u00f3 tambi\u00e9n que 36 civiles perdieron la vida por los ataques a\u00e9reos rusos contra posiciones en Hama de los grupos rebeldes, que las autoridades de Damasco califican de terroristas.<\/p>\n<p style=\"text-align: justify\">Fuentes &#8216;sin identificar&#8217; precisan hoy que cuatro aviones de combate rusos atacaron bases de Jaish al Fatah en Jisr al Shughur y en Jabal al Jawiya (en la provincia de Idleb), y tambi\u00e9n golpearon posiciones de grupos armados, bases y dep\u00f3sitos de armas en Hawash, en la provincia de Hama.<\/p>\n<p style=\"text-align: justify\">Jaish al Fatah, agrupa al Frente al Nusra, rama siria de Al Qaeda, y a otros grupos islamistas como Ahrar al Sham, terroristas para la mayor\u00eda en occidente pero que para algunos voceros no son el EI.<\/p>\n<p style=\"text-align: justify\">Ahora, surge la duda, \u00bfhay un doble rasero en occidente para medir el terrorismo?<\/p>\n<p style=\"text-align: justify\">En esa l\u00ednea parece moverse ahora la otra guerra, la medi\u00e1tica, que est\u00e1 a mano cuando a algunos no les beneficia el desarrollo de la situaci\u00f3n en Siria.<\/p>\n<p style=\"text-align: justify\">En realidad, la postura de Mosc\u00fa sorprendi\u00f3 a occidente, en especial a los estadounidenses, por lo que mientras reaccionan, y ojal\u00e1 que reaccionen como deben, la guerra medi\u00e1tica entr\u00f3 en acci\u00f3n.<\/p>\n<p style=\"text-align: justify\">Rusia rechaz\u00f3 este jueves las acusaciones occidentales y de la oposici\u00f3n siria de que no bombarde\u00f3 objetivos del EI en su primer ataque a\u00e9reo en territorio sirio.<\/p>\n<p style=\"text-align: justify\">El canciller ruso, Serguei Lavrov, fue enf\u00e1tico cuando asegur\u00f3 hoy que las acciones a pedido de las autoridades sirias fueron exclusivamente dirigidas contra el EI y los otros grupos terroristas.<\/p>\n<p style=\"text-align: justify\">El titular ruso llam\u00f3 a sus cr\u00edticos a presentar pruebas que justifiquen las acusaciones contra su pa\u00eds.<\/p>\n<p style=\"text-align: justify\">Sin embargo, a\u00f1os atr\u00e1s cuando se inici\u00f3 la agresi\u00f3n contra Siria, ya exist\u00edan laboratorios en Qatar y Arabia Saudita, que seg\u00fan denuncias de prestigiosos medios occidentales hac\u00edan el trabajo sucio de crear im\u00e1genes de hechos que nunca existieron.<\/p>\n<p style=\"text-align: justify\">Por ejemplo, en 2012, adem\u00e1s de ilustrar pavorosos atentados en Damasco, con grandes columnas de humo producto de la quema de neum\u00e1ticos en barrios perif\u00e9ricos, algunos medios desde capitales \u00e1rabes como El Cairo o Beirut reportaban atentados y muertos en hechos que nunca ocurrieron.<\/p>\n<p style=\"text-align: justify\">A desaf\u00edos parecidos se enfrentan hoy Rusia y el gobierno sirio, la manipulaci\u00f3n y la guerra medi\u00e1tica son tambi\u00e9n parte importante de esta crisis.<\/p>\n<p style=\"text-align: justify\">A eso tambi\u00e9n se unen los intereses sobre el terreno. &#8216;Los ataques iniciales fueron realizados contra individuos y grupos financiados y entrenados por nuestra CIA&#8217; declar\u00f3 hoy a la cadena CNN el senador republicano John McCain. Esos no son terroristas, los estren\u00f3 Estados Unidos.<\/p>\n<p>Fady, M<\/p>\n","protected":false},"excerpt":{"rendered":"<p>Damasco, SANA&#8211; El periodista cubano Lu\u00eds Beat\u00f3n, opin\u00f3 en uno de sus art\u00edculos de opini\u00f3n publicados en la p\u00e1gina de la agencia Prensa Latina, que la guerra medi\u00e1tica por los bombardeos iniciados esta semana por Rusia contra objetivos terroristas tom\u00f3 impulso aun antes de que despegaran los primeros aviones, seg\u00fan alert\u00f3 el presidente ruso Vladimir &hellip;<\/p>\n","protected":false},"author":1,"featured_media":30949,"comment_status":"closed","ping_status":"closed","sticky":false,"template":"","format":"standard","meta":{"footnotes":""},"categories":[555],"tags":[6875],"class_list":["post-30948","post","type-post","status-publish","format-standard","has-post-thumbnail","","category-prensa","tag-siria-escenario-de-una-guerra-mediatica"],"_links":{"self":[{"href":"https:\/\/archive.sana.sy\/es\/index.php?rest_route=\/wp\/v2\/posts\/30948"}],"collection":[{"href":"https:\/\/archive.sana.sy\/es\/index.php?rest_route=\/wp\/v2\/posts"}],"about":[{"href":"https:\/\/archive.sana.sy\/es\/index.php?rest_route=\/wp\/v2\/types\/post"}],"author":[{"embeddable":true,"href":"https:\/\/archive.sana.sy\/es\/index.php?rest_route=\/wp\/v2\/users\/1"}],"replies":[{"embeddable":true,"href":"https:\/\/archive.sana.sy\/es\/index.php?rest_route=%2Fwp%2Fv2%2Fcomments&post=30948"}],"version-history":[{"count":0,"href":"https:\/\/archive.sana.sy\/es\/index.php?rest_route=\/wp\/v2\/posts\/30948\/revisions"}],"wp:featuredmedia":[{"embeddable":true,"href":"https:\/\/archive.sana.sy\/es\/index.php?rest_route=\/wp\/v2\/media\/30949"}],"wp:attachment":[{"href":"https:\/\/archive.sana.sy\/es\/index.php?rest_route=%2Fwp%2Fv2%2Fmedia&parent=30948"}],"wp:term":[{"taxonomy":"category","embeddable":true,"href":"https:\/\/archive.sana.sy\/es\/index.php?rest_route=%2Fwp%2Fv2%2Fcategories&post=30948"},{"taxonomy":"post_tag","embeddable":true,"href":"https:\/\/archive.sana.sy\/es\/index.php?rest_route=%2Fwp%2Fv2%2Ftags&post=30948"}],"curies":[{"name":"wp","href":"https:\/\/api.w.org\/{rel}","templated":true}]}}