{"id":309482,"date":"2023-09-24T10:09:10","date_gmt":"2023-09-24T07:09:10","guid":{"rendered":"https:\/\/sana.sy\/es\/?p=309482"},"modified":"2023-09-24T10:17:55","modified_gmt":"2023-09-24T07:17:55","slug":"sabbagh-repasa-con-guterres-e-egger-las-necesidades-humanitarias-en-siria","status":"publish","type":"post","link":"https:\/\/archive.sana.sy\/es\/?p=309482","title":{"rendered":"Sabbagh repasa con Guterres e Egger las necesidades humanitarias en Siria"},"content":{"rendered":"<p style=\"text-align: justify;\"><span style=\"color: #800000;\"><strong>Nueva York, 24 sep (SANA)\u00a0 \u00a0<\/strong><\/span>El designado vicecanciller y jefe de la delegaci\u00f3n siria en el 78\u00ba per\u00edodo de sesiones de la Asamblea General de la ONU, Bassam Sabbagh, se reuni\u00f3 con el secretario general de las Naciones Unidas, Ant\u00f3nio Guterres, donde ambas partes abordaron temas de cooperaci\u00f3n conjunta entre el gobierno sirio y la Organizaci\u00f3n internacional e intercambiaron opiniones sobre todos los desaf\u00edos que enfrenta el pa\u00eds \u00e1rabe.<\/p>\n<p style=\"text-align: justify;\"><img loading=\"lazy\" decoding=\"async\" class=\"size-full wp-image-309484 alignright\" src=\"http:\/\/sana.sy\/es\/wp-content\/uploads\/2023\/09\/sabaf111-1-300x165-1.jpg\" alt=\"\" width=\"300\" height=\"165\" srcset=\"https:\/\/archive.sana.sy\/es\/wp-content\/uploads\/2023\/09\/sabaf111-1-300x165-1.jpg 300w, https:\/\/archive.sana.sy\/es\/wp-content\/uploads\/2023\/09\/sabaf111-1-300x165-1-150x83.jpg 150w\" sizes=\"(max-width: 300px) 100vw, 300px\" \/><\/p>\n<p style=\"text-align: justify;\">Sabbagh asever\u00f3 que la causa principal de la dif\u00edcil situaci\u00f3n econ\u00f3mica y humanitaria en Siria son las medidas coercitivas unilaterales e ilegales impuestas por Estados Unidos y la Uni\u00f3n Europea.<\/p>\n<p style=\"text-align: justify;\">Conden\u00f3 las repetidas agresiones israel\u00edes contra el territorio sirio, y que tuvieron como objetivo instalaciones civiles vitales entre ellos aeropuertos, puertos y barrios residenciales.<\/p>\n<p style=\"text-align: justify;\">El diplom\u00e1tico expres\u00f3 su agradecimiento al Secretario General por recaudar fondos urgentes para ayudar a Siria tras el devastador terremoto que la azot\u00f3 el 6 del pasado febrero.<\/p>\n<p style=\"text-align: justify;\">Por su parte, Guterres expres\u00f3 su preocupaci\u00f3n por las crecientes necesidades humanitarias de los sirios, y dijo que la ONU apuesta por la continua cooperaci\u00f3n para garantizar que la asistencia humanitaria llegue a todos los sirios.<\/p>\n<p style=\"text-align: justify;\"><strong>Sabbagh elogia papel de la Cruz Roja y su apoyo a los sirios<\/strong><\/p>\n<p style=\"text-align: justify;\">Por otro lado, el embajador Sabbagh examin\u00f3 con Mirjana Egger, jefa del Comit\u00e9 Internacional de la Cruz Roja, las formas de impulsar la cooperaci\u00f3n conjunta entre el gobierno sirio y la Organizaci\u00f3n para lograr una mejor respuesta humanitaria que satisfaga las necesidades de los sirios.<\/p>\n<p style=\"text-align: justify;\">Sabbagh elogi\u00f3 el importante papel humanitario desempe\u00f1ado por la Cruz Roja en Siria y su apoyo a los esfuerzos para mejorar la situaci\u00f3n humanitaria y de vida de los sirios en todo el pa\u00eds.<br \/>\nA su vez, Egger indic\u00f3 que el Comit\u00e9 Internacional de la Cruz Roja planea ayudar a todos los sirios y hacer todo lo posible para aliviar su sufrimiento.<\/p>\n<p style=\"text-align: justify;\"><strong>ws\/fm<\/strong><\/p>\n","protected":false},"excerpt":{"rendered":"<p>Nueva York, 24 sep (SANA)\u00a0 \u00a0El designado vicecanciller y jefe de la delegaci\u00f3n siria en el 78\u00ba per\u00edodo de sesiones de la Asamblea General de la ONU, Bassam Sabbagh, se reuni\u00f3 con el secretario general de las Naciones Unidas, Ant\u00f3nio Guterres, donde ambas partes abordaron temas de cooperaci\u00f3n conjunta entre el gobierno sirio y la &hellip;<\/p>\n","protected":false},"author":35,"featured_media":309483,"comment_status":"closed","ping_status":"closed","sticky":false,"template":"","format":"standard","meta":{"footnotes":""},"categories":[597,20724,467,583],"tags":[],"class_list":["post-309482","post","type-post","status-publish","format-standard","has-post-thumbnail","","category-cinta-de-noticias","category-minuto-a-minuto","category-siria-y-el-mundo","category-slide"],"_links":{"self":[{"href":"https:\/\/archive.sana.sy\/es\/index.php?rest_route=\/wp\/v2\/posts\/309482"}],"collection":[{"href":"https:\/\/archive.sana.sy\/es\/index.php?rest_route=\/wp\/v2\/posts"}],"about":[{"href":"https:\/\/archive.sana.sy\/es\/index.php?rest_route=\/wp\/v2\/types\/post"}],"author":[{"embeddable":true,"href":"https:\/\/archive.sana.sy\/es\/index.php?rest_route=\/wp\/v2\/users\/35"}],"replies":[{"embeddable":true,"href":"https:\/\/archive.sana.sy\/es\/index.php?rest_route=%2Fwp%2Fv2%2Fcomments&post=309482"}],"version-history":[{"count":2,"href":"https:\/\/archive.sana.sy\/es\/index.php?rest_route=\/wp\/v2\/posts\/309482\/revisions"}],"predecessor-version":[{"id":309486,"href":"https:\/\/archive.sana.sy\/es\/index.php?rest_route=\/wp\/v2\/posts\/309482\/revisions\/309486"}],"wp:featuredmedia":[{"embeddable":true,"href":"https:\/\/archive.sana.sy\/es\/index.php?rest_route=\/wp\/v2\/media\/309483"}],"wp:attachment":[{"href":"https:\/\/archive.sana.sy\/es\/index.php?rest_route=%2Fwp%2Fv2%2Fmedia&parent=309482"}],"wp:term":[{"taxonomy":"category","embeddable":true,"href":"https:\/\/archive.sana.sy\/es\/index.php?rest_route=%2Fwp%2Fv2%2Fcategories&post=309482"},{"taxonomy":"post_tag","embeddable":true,"href":"https:\/\/archive.sana.sy\/es\/index.php?rest_route=%2Fwp%2Fv2%2Ftags&post=309482"}],"curies":[{"name":"wp","href":"https:\/\/api.w.org\/{rel}","templated":true}]}}