{"id":30951,"date":"2015-10-02T16:47:48","date_gmt":"2015-10-02T13:47:48","guid":{"rendered":"http:\/\/sana.sy\/es\/?p=30951"},"modified":"2015-10-02T16:47:48","modified_gmt":"2015-10-02T13:47:48","slug":"muerte-de-civiles-un-comodin-de-la-campana-mediatica-contra-siria","status":"publish","type":"post","link":"https:\/\/archive.sana.sy\/es\/?p=30951","title":{"rendered":"Muerte de civiles: un comod\u00edn de la campa\u00f1a medi\u00e1tica contra Siria"},"content":{"rendered":"<p style=\"text-align: justify\"><span style=\"color: #800000\">Damasco, SANA<\/span>&#8211; El tema de la muerte de civiles en la guerra que tiene como escenario Siria, vuelve a ocupar hoy titulares, despu\u00e9s que la aviaci\u00f3n rusa comenz\u00f3 a bombardear posiciones de bandas terroristas que operan aqu\u00ed desde 2011.<\/p>\n<p style=\"text-align: justify\">Un an\u00e1lisis del periodista cubano Miguel Fern\u00e1ndez Mart\u00ednez, corresponsal de la Agencia Latinoamericana de Noticias (Prensa Latina), se\u00f1al\u00f3 que la campa\u00f1a medi\u00e1tica que despliegan los grandes medios de comunicaci\u00f3n en Occidente, dise\u00f1ada para satanizar, dividir y justificar la agresi\u00f3n contra este pa\u00eds del Levante, tiene el tema de los civiles como punta de lanza, cada vez que necesita justificar sus acciones y reverdecer sus intenciones hegem\u00f3nicas.<\/p>\n<p style=\"text-align: justify\">Por m\u00e1s de cuatro a\u00f1os, Occidente ha &#8216;denunciado&#8217; bombardeos indiscriminados del ej\u00e9rcito sirio, supuestas matanzas de civiles, ataques contra zonas residenciales, y cuanto argumento pueda sostener su discurso de derrocar al presidente Bashar al-Assad y desmembrar esta zona de conflicto.<\/p>\n<p style=\"text-align: justify\">Pocas veces escuchamos hablar contra qui\u00e9n son esos bombardeos, hac\u00eda que objetivos van dirigidos y quienes son las verdaderas v\u00edctimas. Lo importante es crear una falsa tensi\u00f3n que &#8216;sensibilice&#8217; a la opini\u00f3n p\u00fablica internacional, y permita que la maquinaria terrorista dirigida desde Occidente gane terreno.<\/p>\n<p style=\"text-align: justify\">Toda guerra tiene su costo humano, y mucho m\u00e1s esta, que es resultado de un maquiav\u00e9lico plan engendrado por los servicios secretos de Estados Unidos, Israel, Reino Unido, Francia, Turqu\u00eda y Arabia Saudita, y que ya apunta a la escalofriante cifra de 250 mil muertos en poco m\u00e1s de cuatro a\u00f1os.<\/p>\n<p style=\"text-align: justify\">El ej\u00e9rcito sirio defiende con garra la soberan\u00eda de su pa\u00eds en m\u00e1s de 400 frentes de combate en todo el territorio nacional, ante la avalancha de bandas terroristas que sustentan su lucha en supuestos principios religiosos que expresan en un extremismo intolerante y cruel.<\/p>\n<p style=\"text-align: justify\">Muchas de estas bandas takfiristas, pagadas y entrenadas por las potencias occidentales, tratan de ser presentadas por sus patrocinadores como grupos opositores -incluso moderados, a pesar de estar armados hasta los dientes-, intentando legitimar una lucha &#8216;revolucionaria&#8217;, que no existe.<\/p>\n<p style=\"text-align: justify\">Los genuinos reclamos de la oposici\u00f3n pol\u00edtica siria -que est\u00e1 presente en el proceso de di\u00e1logo que se sigue con el gobierno de Damasco-, nada tienen que ver con los actuales &#8216;presupuestos&#8217; de esa oposici\u00f3n manipulada desde el exterior, integrada por mercenarios a sueldo de los grandes c\u00edrculos de poder, y que est\u00e1n lejos de las verdaderas esperanzas de los sirios.<\/p>\n<p style=\"text-align: justify\">Hablar entonces de la presencia de grupos rebeldes antigubernamentales, opositores o revolucionarios en Siria, es una falacia. Aqu\u00ed la guerra se divide en dos bandos: los que buscan defender el suelo patrio, y las bandas terroristas que solo propagan terror y muerte.<\/p>\n<p style=\"text-align: justify\">El l\u00edmite de la desfachatez lleg\u00f3 con las recientes declaraciones del senador norteamericano John McCain, presidente del Comit\u00e9 de Servicios Armados del Senado de Estados Unidos, cuando tuvo la osad\u00eda de reconocer p\u00fablicamente que en territorio sirio operan grupos armados entrenados por la Agencia Central de Inteligencia (CIA).<\/p>\n<p style=\"text-align: justify\">Ahora McCain, el art\u00edfice de las Primaveras \u00c1rabes que tanta sangre y desolaci\u00f3n dej\u00f3 en algunos pa\u00edses del Medio Oriente, &#8216;acusa&#8217; a la aviaci\u00f3n rusa de dirigir sus ataques contra supuestos grupos antigubernamentales, que adem\u00e1s, confirma son mercenarios pagados y entrenados por Estados Unidos.<\/p>\n<p style=\"text-align: justify\">Estos mismos elementos a sueldo, terminan pas\u00e1ndose a las filas yihadistas, poniendo en rid\u00edculo, a sus pagadores de fortuna.<\/p>\n<p style=\"text-align: justify\">Una vez m\u00e1s, Occidente y sus secuaces de la Coalici\u00f3n Nacional Siria, desde Estambul, lanzan acusaciones al aire de que los bombardeos de la aviaci\u00f3n rusa est\u00e1n dirigidos contra zonas pobladas por civiles y donde operan grupos irregulares ajenos al terrorismo.<\/p>\n<p style=\"text-align: justify\">De lo que Washington, Paris o Londres no hablan es del uso de los civiles como escudos humanos por parte de las bandas terroristas, ni hablan de las decapitaciones, las torturas o los ni\u00f1os crucificados o usados como suicidas, o las mujeres apaleadas en plena calle.<\/p>\n<p style=\"text-align: justify\">Ni una palabra se menciona de c\u00f3mo dinamitan los edificios en las zonas ocupadas, y como emplazan sus francotiradores en viviendas habitadas por civiles, o como emplean los lugares poblados para ejecutar ataques criminales.<\/p>\n<p style=\"text-align: justify\">El ej\u00e9rcito y el gobierno sirio instan a la poblaci\u00f3n civil a evacuar los lugares que ser\u00e1n bombardeados. A aceptados mediadores para conseguir proteger a los habitantes de al-Foa y Kafraya -por solo citar un ejemplo-, asediados por meses por la banda terrorista del Frente al-Nusra, brazo armado de al-Qaeda en Siria.<\/p>\n<p style=\"text-align: justify\">Quienes deciden quedarse, por afiliaci\u00f3n a los armados, o por no abandonar sus propiedades, permanecen entre dos fuegos y asumen el riesgo de quedar en medio de una lucha que no tiene alternativas.<\/p>\n<p style=\"text-align: justify\">Al terrorismo, hay que barrerlo de la faz de la tierra. Es la \u00fanica manera de salvar a la especie humana.<\/p>\n<p>Fady M<\/p>\n","protected":false},"excerpt":{"rendered":"<p>Damasco, SANA&#8211; El tema de la muerte de civiles en la guerra que tiene como escenario Siria, vuelve a ocupar hoy titulares, despu\u00e9s que la aviaci\u00f3n rusa comenz\u00f3 a bombardear posiciones de bandas terroristas que operan aqu\u00ed desde 2011. Un an\u00e1lisis del periodista cubano Miguel Fern\u00e1ndez Mart\u00ednez, corresponsal de la Agencia Latinoamericana de Noticias (Prensa &hellip;<\/p>\n","protected":false},"author":1,"featured_media":30952,"comment_status":"closed","ping_status":"closed","sticky":false,"template":"","format":"standard","meta":{"footnotes":""},"categories":[555],"tags":[6876],"class_list":["post-30951","post","type-post","status-publish","format-standard","has-post-thumbnail","","category-prensa","tag-muerte-de-civiles-un-comodin-de-la-campana-mediatica-contra-siria"],"_links":{"self":[{"href":"https:\/\/archive.sana.sy\/es\/index.php?rest_route=\/wp\/v2\/posts\/30951"}],"collection":[{"href":"https:\/\/archive.sana.sy\/es\/index.php?rest_route=\/wp\/v2\/posts"}],"about":[{"href":"https:\/\/archive.sana.sy\/es\/index.php?rest_route=\/wp\/v2\/types\/post"}],"author":[{"embeddable":true,"href":"https:\/\/archive.sana.sy\/es\/index.php?rest_route=\/wp\/v2\/users\/1"}],"replies":[{"embeddable":true,"href":"https:\/\/archive.sana.sy\/es\/index.php?rest_route=%2Fwp%2Fv2%2Fcomments&post=30951"}],"version-history":[{"count":0,"href":"https:\/\/archive.sana.sy\/es\/index.php?rest_route=\/wp\/v2\/posts\/30951\/revisions"}],"wp:featuredmedia":[{"embeddable":true,"href":"https:\/\/archive.sana.sy\/es\/index.php?rest_route=\/wp\/v2\/media\/30952"}],"wp:attachment":[{"href":"https:\/\/archive.sana.sy\/es\/index.php?rest_route=%2Fwp%2Fv2%2Fmedia&parent=30951"}],"wp:term":[{"taxonomy":"category","embeddable":true,"href":"https:\/\/archive.sana.sy\/es\/index.php?rest_route=%2Fwp%2Fv2%2Fcategories&post=30951"},{"taxonomy":"post_tag","embeddable":true,"href":"https:\/\/archive.sana.sy\/es\/index.php?rest_route=%2Fwp%2Fv2%2Ftags&post=30951"}],"curies":[{"name":"wp","href":"https:\/\/api.w.org\/{rel}","templated":true}]}}