{"id":309553,"date":"2023-09-24T15:12:57","date_gmt":"2023-09-24T12:12:57","guid":{"rendered":"http:\/\/sana.sy\/es\/?p=309553"},"modified":"2023-09-24T15:12:57","modified_gmt":"2023-09-24T12:12:57","slug":"cae-popularidad-de-emmanuel-macron","status":"publish","type":"post","link":"https:\/\/archive.sana.sy\/es\/?p=309553","title":{"rendered":"Cae popularidad de Emmanuel Macron"},"content":{"rendered":"<blockquote>\n<p style=\"text-align: justify;\"><span style=\"color: #993300;\">Seg\u00fan el sondeo del Instituto Franc\u00e9s de Opini\u00f3n P\u00fablica (IFOP) para el semanario Le Journal du Dimanche, el respaldo al mandatario decreci\u00f3 en diversos sectores, entre ellos los jubilados y la clase media.<\/span><\/p>\n<\/blockquote>\n<p style=\"text-align: justify;\"><span style=\"color: #800000;\"><strong>Par\u00eds, 24 sep (SANA)<\/strong> <\/span>La popularidad del presidente franc\u00e9s, Emmanuel Macron, cay\u00f3 dos puntos en septiembre para situarse en un 28 por ciento.<\/p>\n<p style=\"text-align: justify;\">Seg\u00fan el sondeo del Instituto Franc\u00e9s de Opini\u00f3n P\u00fablica (IFOP) para el semanario Le Journal du Dimanche, el respaldo al mandatario decreci\u00f3 en diversos sectores, entre ellos los jubilados y la clase media.<\/p>\n<p style=\"text-align: justify;\">Peor a\u00fan, entre quienes apoyaron a Macron en la primera vuelta de las presidenciales del a\u00f1o pasado, la popularidad baj\u00f3 del 80 al 75 por ciento.<\/p>\n<p style=\"text-align: justify;\">Macron no podr\u00e1 reelegirse por tercera vez en 2027, pero el oficialismo intenta desde ya allanar el terreno para eventuales candidaturas, como las de los actuales ministros G\u00e9rald Darmanin (Interior) o Bruno Le Maire (Econom\u00eda).<\/p>\n<p style=\"text-align: justify;\">fm\/as<\/p>\n","protected":false},"excerpt":{"rendered":"<p>Seg\u00fan el sondeo del Instituto Franc\u00e9s de Opini\u00f3n P\u00fablica (IFOP) para el semanario Le Journal du Dimanche, el respaldo al mandatario decreci\u00f3 en diversos sectores, entre ellos los jubilados y la clase media. Par\u00eds, 24 sep (SANA) La popularidad del presidente franc\u00e9s, Emmanuel Macron, cay\u00f3 dos puntos en septiembre para situarse en un 28 por &hellip;<\/p>\n","protected":false},"author":42,"featured_media":309554,"comment_status":"closed","ping_status":"closed","sticky":false,"template":"","format":"standard","meta":{"footnotes":""},"categories":[597,456,16687,20724,7541],"tags":[],"class_list":["post-309553","post","type-post","status-publish","format-standard","has-post-thumbnail","","category-cinta-de-noticias","category-arabe-internacional-politica","category-internacionales","category-minuto-a-minuto","category-ultimas-noticias"],"_links":{"self":[{"href":"https:\/\/archive.sana.sy\/es\/index.php?rest_route=\/wp\/v2\/posts\/309553"}],"collection":[{"href":"https:\/\/archive.sana.sy\/es\/index.php?rest_route=\/wp\/v2\/posts"}],"about":[{"href":"https:\/\/archive.sana.sy\/es\/index.php?rest_route=\/wp\/v2\/types\/post"}],"author":[{"embeddable":true,"href":"https:\/\/archive.sana.sy\/es\/index.php?rest_route=\/wp\/v2\/users\/42"}],"replies":[{"embeddable":true,"href":"https:\/\/archive.sana.sy\/es\/index.php?rest_route=%2Fwp%2Fv2%2Fcomments&post=309553"}],"version-history":[{"count":1,"href":"https:\/\/archive.sana.sy\/es\/index.php?rest_route=\/wp\/v2\/posts\/309553\/revisions"}],"predecessor-version":[{"id":309555,"href":"https:\/\/archive.sana.sy\/es\/index.php?rest_route=\/wp\/v2\/posts\/309553\/revisions\/309555"}],"wp:featuredmedia":[{"embeddable":true,"href":"https:\/\/archive.sana.sy\/es\/index.php?rest_route=\/wp\/v2\/media\/309554"}],"wp:attachment":[{"href":"https:\/\/archive.sana.sy\/es\/index.php?rest_route=%2Fwp%2Fv2%2Fmedia&parent=309553"}],"wp:term":[{"taxonomy":"category","embeddable":true,"href":"https:\/\/archive.sana.sy\/es\/index.php?rest_route=%2Fwp%2Fv2%2Fcategories&post=309553"},{"taxonomy":"post_tag","embeddable":true,"href":"https:\/\/archive.sana.sy\/es\/index.php?rest_route=%2Fwp%2Fv2%2Ftags&post=309553"}],"curies":[{"name":"wp","href":"https:\/\/api.w.org\/{rel}","templated":true}]}}