{"id":309556,"date":"2023-09-24T15:26:23","date_gmt":"2023-09-24T12:26:23","guid":{"rendered":"http:\/\/sana.sy\/es\/?p=309556"},"modified":"2023-09-24T15:26:23","modified_gmt":"2023-09-24T12:26:23","slug":"dron-ucraniano-ataca-sede-administrativa-de-la-ciudad-rusa-de-kursk","status":"publish","type":"post","link":"https:\/\/archive.sana.sy\/es\/?p=309556","title":{"rendered":"Dron ucraniano ataca sede administrativa de la ciudad rusa de Kursk"},"content":{"rendered":"<blockquote>\n<p style=\"text-align: justify;\"><span style=\"color: #993300;\">\u00daltimamente, son casi diarios los ataques ucranianos con veh\u00edculos a\u00e9reos no tripulados a instalaciones situadas en el territorio de Rusia, tanto en las zonas cercanas a la l\u00ednea de frente como en la periferia de Mosc\u00fa.<\/span><\/p>\n<\/blockquote>\n<p style=\"text-align: justify;\"><span style=\"color: #800000;\"><strong>Mosc\u00fa, 24 sep (SANA)<\/strong> <\/span>Un edificio p\u00fablico de Kursk, capital de la provincia rusa del mismo nombre, fronteriza con Ucrania, sufri\u00f3 da\u00f1os menores a causa de un ataque con un dron.<\/p>\n<p style=\"text-align: justify;\">El gobernador regional, Rom\u00e1n Starovoit, dijo que un veh\u00edculo a\u00e9reo no tripulado impact\u00f3 contra una edificaci\u00f3n del Distrito Central, cuyo tejado sufri\u00f3 da\u00f1os,.<\/p>\n<p style=\"text-align: justify;\">\u00daltimamente, son casi diarios los ataques ucranianos con veh\u00edculos a\u00e9reos no tripulados a instalaciones situadas en el territorio de Rusia, tanto en las zonas cercanas a la l\u00ednea de frente como en la periferia de Mosc\u00fa.<\/p>\n<p style=\"text-align: justify;\">fm\/as<\/p>\n","protected":false},"excerpt":{"rendered":"<p>\u00daltimamente, son casi diarios los ataques ucranianos con veh\u00edculos a\u00e9reos no tripulados a instalaciones situadas en el territorio de Rusia, tanto en las zonas cercanas a la l\u00ednea de frente como en la periferia de Mosc\u00fa. Mosc\u00fa, 24 sep (SANA) Un edificio p\u00fablico de Kursk, capital de la provincia rusa del mismo nombre, fronteriza con &hellip;<\/p>\n","protected":false},"author":42,"featured_media":309557,"comment_status":"closed","ping_status":"closed","sticky":false,"template":"","format":"standard","meta":{"footnotes":""},"categories":[597,456,16687,20724,7541],"tags":[],"class_list":["post-309556","post","type-post","status-publish","format-standard","has-post-thumbnail","","category-cinta-de-noticias","category-arabe-internacional-politica","category-internacionales","category-minuto-a-minuto","category-ultimas-noticias"],"_links":{"self":[{"href":"https:\/\/archive.sana.sy\/es\/index.php?rest_route=\/wp\/v2\/posts\/309556"}],"collection":[{"href":"https:\/\/archive.sana.sy\/es\/index.php?rest_route=\/wp\/v2\/posts"}],"about":[{"href":"https:\/\/archive.sana.sy\/es\/index.php?rest_route=\/wp\/v2\/types\/post"}],"author":[{"embeddable":true,"href":"https:\/\/archive.sana.sy\/es\/index.php?rest_route=\/wp\/v2\/users\/42"}],"replies":[{"embeddable":true,"href":"https:\/\/archive.sana.sy\/es\/index.php?rest_route=%2Fwp%2Fv2%2Fcomments&post=309556"}],"version-history":[{"count":1,"href":"https:\/\/archive.sana.sy\/es\/index.php?rest_route=\/wp\/v2\/posts\/309556\/revisions"}],"predecessor-version":[{"id":309558,"href":"https:\/\/archive.sana.sy\/es\/index.php?rest_route=\/wp\/v2\/posts\/309556\/revisions\/309558"}],"wp:featuredmedia":[{"embeddable":true,"href":"https:\/\/archive.sana.sy\/es\/index.php?rest_route=\/wp\/v2\/media\/309557"}],"wp:attachment":[{"href":"https:\/\/archive.sana.sy\/es\/index.php?rest_route=%2Fwp%2Fv2%2Fmedia&parent=309556"}],"wp:term":[{"taxonomy":"category","embeddable":true,"href":"https:\/\/archive.sana.sy\/es\/index.php?rest_route=%2Fwp%2Fv2%2Fcategories&post=309556"},{"taxonomy":"post_tag","embeddable":true,"href":"https:\/\/archive.sana.sy\/es\/index.php?rest_route=%2Fwp%2Fv2%2Ftags&post=309556"}],"curies":[{"name":"wp","href":"https:\/\/api.w.org\/{rel}","templated":true}]}}