{"id":30956,"date":"2015-10-02T17:12:17","date_gmt":"2015-10-02T14:12:17","guid":{"rendered":"http:\/\/sana.sy\/es\/?p=30956"},"modified":"2015-10-03T13:30:43","modified_gmt":"2015-10-03T10:30:43","slug":"al-moallem-se-reune-con-el-canciller-irani","status":"publish","type":"post","link":"https:\/\/archive.sana.sy\/es\/?p=30956","title":{"rendered":"Al-Moallem se re\u00fane con el canciller iran\u00ed"},"content":{"rendered":"<p style=\"text-align: justify\"><span style=\"color: #800000\">Nueva York, SANA<\/span>&#8211; Siria e Ir\u00e1n enfatizaron la necesidad de continuar la lucha contra el terrorismo en Oriente Medio, sobre todo, en los pa\u00edses afectados por este nefasto fen\u00f3meno.<\/p>\n<p style=\"text-align: justify\">Al margen de la 70\u00aa Asamblea General de las Naciones Unidas (AGNU), el canciller sirio, Walid al-Moalem, se entrevist\u00f3 el jueves con su hom\u00f3logo iran\u00ed, Mohamad Yavad Zarif, con quien abord\u00f3 temas de \u00edndole bilateral, regional e internacional, en particular la crisis de Siria.<\/p>\n<p style=\"text-align: justify\">Durante la cita, ambos cancilleres insistieron en la necesidad de seguir con la lucha antiterrorista en la regi\u00f3n, especialmente en Siria.<\/p>\n<p style=\"text-align: justify\">El canciller iran\u00ed reiter\u00f3 el apoyo de su pa\u00eds al Gobierno de Damasco en la lucha antiterrorista y que Ir\u00e1n siempre ha insistido en la pol\u00edtica como \u00fanica soluci\u00f3n viable para sacar a Siria del caos en que vive hace m\u00e1s de cuatro a\u00f1os.<br \/>\nAl-Moallem por su parte valor\u00f3 altamente la postura de la Republica Isl\u00e1mica de Ir\u00e1n en apoyo a Siria en las instancias internacionales.<\/p>\n<p style=\"text-align: justify\">En el mismo contexto, Al-Moallem resalt\u00f3 la importancia de fortalecer la cooperaci\u00f3n y coordinaci\u00f3n bilateral entre ambos pa\u00edses en las instancias internacionales para hacer frente a los designios occidentales, exigiendo el cumplimiento de las resoluciones del Consejo de Seguridad de la ONU relativas a la lucha antiterrorista, as\u00ed como la aplicaci\u00f3n de presiones sobre los pa\u00edses que brindan apoyo financiero y armament\u00edstico a las organizaciones terroristas para que abandonen esta postura.<\/p>\n<p>M.Miri<\/p>\n","protected":false},"excerpt":{"rendered":"<p>Nueva York, SANA&#8211; Siria e Ir\u00e1n enfatizaron la necesidad de continuar la lucha contra el terrorismo en Oriente Medio, sobre todo, en los pa\u00edses afectados por este nefasto fen\u00f3meno. Al margen de la 70\u00aa Asamblea General de las Naciones Unidas (AGNU), el canciller sirio, Walid al-Moalem, se entrevist\u00f3 el jueves con su hom\u00f3logo iran\u00ed, Mohamad &hellip;<\/p>\n","protected":false},"author":1,"featured_media":30957,"comment_status":"closed","ping_status":"closed","sticky":false,"template":"","format":"standard","meta":{"footnotes":""},"categories":[456,457],"tags":[6878],"class_list":["post-30956","post","type-post","status-publish","format-standard","has-post-thumbnail","","category-arabe-internacional-politica","category-noticias-arabe-internacional-politica","tag-al-moallem-se-reune-con-el-canciller-irani"],"_links":{"self":[{"href":"https:\/\/archive.sana.sy\/es\/index.php?rest_route=\/wp\/v2\/posts\/30956"}],"collection":[{"href":"https:\/\/archive.sana.sy\/es\/index.php?rest_route=\/wp\/v2\/posts"}],"about":[{"href":"https:\/\/archive.sana.sy\/es\/index.php?rest_route=\/wp\/v2\/types\/post"}],"author":[{"embeddable":true,"href":"https:\/\/archive.sana.sy\/es\/index.php?rest_route=\/wp\/v2\/users\/1"}],"replies":[{"embeddable":true,"href":"https:\/\/archive.sana.sy\/es\/index.php?rest_route=%2Fwp%2Fv2%2Fcomments&post=30956"}],"version-history":[{"count":0,"href":"https:\/\/archive.sana.sy\/es\/index.php?rest_route=\/wp\/v2\/posts\/30956\/revisions"}],"wp:featuredmedia":[{"embeddable":true,"href":"https:\/\/archive.sana.sy\/es\/index.php?rest_route=\/wp\/v2\/media\/30957"}],"wp:attachment":[{"href":"https:\/\/archive.sana.sy\/es\/index.php?rest_route=%2Fwp%2Fv2%2Fmedia&parent=30956"}],"wp:term":[{"taxonomy":"category","embeddable":true,"href":"https:\/\/archive.sana.sy\/es\/index.php?rest_route=%2Fwp%2Fv2%2Fcategories&post=30956"},{"taxonomy":"post_tag","embeddable":true,"href":"https:\/\/archive.sana.sy\/es\/index.php?rest_route=%2Fwp%2Fv2%2Ftags&post=30956"}],"curies":[{"name":"wp","href":"https:\/\/api.w.org\/{rel}","templated":true}]}}