{"id":309561,"date":"2023-09-24T16:04:12","date_gmt":"2023-09-24T13:04:12","guid":{"rendered":"http:\/\/sana.sy\/es\/?p=309561"},"modified":"2023-09-24T16:04:12","modified_gmt":"2023-09-24T13:04:12","slug":"no-ha-logrado-cumplir-su-proposito-fundacional-canciller-de-venezuela-llama-a-refundar-la-onu","status":"publish","type":"post","link":"https:\/\/archive.sana.sy\/es\/?p=309561","title":{"rendered":"\u201cNo ha logrado cumplir su prop\u00f3sito fundacional\u201d, Canciller de Venezuela llama a refundar la ONU"},"content":{"rendered":"<blockquote>\n<p style=\"text-align: justify;\"><span style=\"color: #993300;\">A juicio del canciller bolivariano, hoy en d\u00eda como muchas de las Agencias, Programas y Fondos del sistema, las Naciones Unidas \u201cno cumple con su mandato\u201d y acaban siendo instrumentalizadas por los intereses de Estados Unidos y sus c\u00f3mplices.<\/span><\/p>\n<\/blockquote>\n<p style=\"text-align: justify;\"><span style=\"color: #800000;\"><strong>Nueva York, 24 sep (SANA)<\/strong> <\/span>El ministro de Relaciones Exteriores de Venezuela, Yv\u00e1n Gil, llam\u00f3 a refundar a la Organizaci\u00f3n de las Naciones Unidas (ONU) y a reforzarla para que sea una instituci\u00f3n democr\u00e1tica.<\/p>\n<p style=\"text-align: justify;\">En sus palabras pronunciadas en el debate del 78 periodo de sesiones de la Asamblea General de la ONU, el alto diplom\u00e1tico afirm\u00f3 que este \u00f3rgano, creado en 1945, \u201cno ha logrado cumplir su prop\u00f3sito fundacional\u201d y ahora, se\u00f1al\u00f3, el mundo tiene retos mucho m\u00e1s graves.<\/p>\n<p style=\"text-align: justify;\">Mencion\u00f3 entre ellos el unilateralismo de pa\u00edses que, reproduciendo l\u00f3gicas coloniales e imperiales, \u201cpretenden imponerse\u201d por encima de los principios consagrados en la Carta fundacional del organismo multilateral.<\/p>\n<p style=\"text-align: justify;\">La soluci\u00f3n a los nuevos desaf\u00edos que enfrenta hoy la humanidad no podr\u00e1 ser alcanzada hasta consolidar un multilateralismo inclusivo, la democratizaci\u00f3n de las relaciones internacionales y un verdadero mundo pluripolar, expres\u00f3, citado por RT.<\/p>\n<p style=\"text-align: justify;\">A juicio del canciller bolivariano, hoy en d\u00eda como muchas de las Agencias, Programas y Fondos del sistema, las Naciones Unidas \u201cno cumple con su mandato\u201d y acaban siendo instrumentalizadas por los intereses de Estados Unidos y sus c\u00f3mplices.<\/p>\n<p style=\"text-align: justify;\">En ese sentido, convoc\u00f3 a reforzar a la organizaci\u00f3n para que sea una \u201cinstituci\u00f3n democr\u00e1tica\u201d, donde todos sus integrantes tengan voz y participen en la toma de decisiones en igualdad de condiciones.<\/p>\n<p style=\"text-align: justify;\">El jefe de la diplomacia venezolana remarc\u00f3 que la ONU \u201cno puede continuar funcionando como lo est\u00e1 haciendo\u201d y pregunt\u00f3: cu\u00e1ntas resoluciones debe aprobar la Asamblea General para poner fin, de una vez y por todas, al criminal bloqueo econ\u00f3mico, comercial y financiero por m\u00e1s de 60 a\u00f1os a la \u201chermana Cuba\u201d.<\/p>\n<p style=\"text-align: justify;\">El ministro venezolano enfatiz\u00f3 que la refundaci\u00f3n de las Naciones Unidas implica saldar la deuda hist\u00f3rica con la descolonizaci\u00f3n y apunt\u00f3 que nuestros pueblos fueron v\u00edctimas de cr\u00edmenes de la colonizaci\u00f3n y la esclavitud.<\/p>\n<p style=\"text-align: justify;\">fm\/as<\/p>\n","protected":false},"excerpt":{"rendered":"<p>A juicio del canciller bolivariano, hoy en d\u00eda como muchas de las Agencias, Programas y Fondos del sistema, las Naciones Unidas \u201cno cumple con su mandato\u201d y acaban siendo instrumentalizadas por los intereses de Estados Unidos y sus c\u00f3mplices. Nueva York, 24 sep (SANA) El ministro de Relaciones Exteriores de Venezuela, Yv\u00e1n Gil, llam\u00f3 a &hellip;<\/p>\n","protected":false},"author":42,"featured_media":309562,"comment_status":"closed","ping_status":"closed","sticky":false,"template":"","format":"standard","meta":{"footnotes":""},"categories":[597,456,16687,20724,7541],"tags":[],"class_list":["post-309561","post","type-post","status-publish","format-standard","has-post-thumbnail","","category-cinta-de-noticias","category-arabe-internacional-politica","category-internacionales","category-minuto-a-minuto","category-ultimas-noticias"],"_links":{"self":[{"href":"https:\/\/archive.sana.sy\/es\/index.php?rest_route=\/wp\/v2\/posts\/309561"}],"collection":[{"href":"https:\/\/archive.sana.sy\/es\/index.php?rest_route=\/wp\/v2\/posts"}],"about":[{"href":"https:\/\/archive.sana.sy\/es\/index.php?rest_route=\/wp\/v2\/types\/post"}],"author":[{"embeddable":true,"href":"https:\/\/archive.sana.sy\/es\/index.php?rest_route=\/wp\/v2\/users\/42"}],"replies":[{"embeddable":true,"href":"https:\/\/archive.sana.sy\/es\/index.php?rest_route=%2Fwp%2Fv2%2Fcomments&post=309561"}],"version-history":[{"count":1,"href":"https:\/\/archive.sana.sy\/es\/index.php?rest_route=\/wp\/v2\/posts\/309561\/revisions"}],"predecessor-version":[{"id":309563,"href":"https:\/\/archive.sana.sy\/es\/index.php?rest_route=\/wp\/v2\/posts\/309561\/revisions\/309563"}],"wp:featuredmedia":[{"embeddable":true,"href":"https:\/\/archive.sana.sy\/es\/index.php?rest_route=\/wp\/v2\/media\/309562"}],"wp:attachment":[{"href":"https:\/\/archive.sana.sy\/es\/index.php?rest_route=%2Fwp%2Fv2%2Fmedia&parent=309561"}],"wp:term":[{"taxonomy":"category","embeddable":true,"href":"https:\/\/archive.sana.sy\/es\/index.php?rest_route=%2Fwp%2Fv2%2Fcategories&post=309561"},{"taxonomy":"post_tag","embeddable":true,"href":"https:\/\/archive.sana.sy\/es\/index.php?rest_route=%2Fwp%2Fv2%2Ftags&post=309561"}],"curies":[{"name":"wp","href":"https:\/\/api.w.org\/{rel}","templated":true}]}}