{"id":309564,"date":"2023-09-24T16:26:06","date_gmt":"2023-09-24T13:26:06","guid":{"rendered":"http:\/\/sana.sy\/es\/?p=309564"},"modified":"2023-09-25T11:00:53","modified_gmt":"2023-09-25T08:00:53","slug":"presidente-al-assad-llega-a-beijing-la-capital-china-fotos","status":"publish","type":"post","link":"https:\/\/archive.sana.sy\/es\/?p=309564","title":{"rendered":"Presidente Al-Assad llega a Beijing, la capital china (+ fotos)"},"content":{"rendered":"<p style=\"text-align: justify;\"><span style=\"color: #800000;\"><strong>Beijing, 24 sep (SANA)<\/strong><\/span> El presidente Bashar Al-Assad lleg\u00f3 a Beijing, la capital china, donde tiene previsto reunirse con el primer ministro Li Qiang y el presidente del Comit\u00e9 Permanente de la Asamblea Popular Nacional de China, Zhao Lijie.<\/p>\n<p style=\"text-align: justify;\">En Beijing, el presidente Bashar Al-Assad y la primera dama Asmaa Al-Assad tuvieron un encuentro con varios integrantes de la comunidad siria que reside en esta naci\u00f3n asi\u00e1tica.<\/p>\n<p style=\"text-align: justify;\">El encuentro fue una ocasi\u00f3n para conversar sobre la patria y el papel de la colectividad siria en la pr\u00f3xima etapa de Siria.<\/p>\n<p style=\"text-align: justify;\">El mandatario tambi\u00e9n abord\u00f3 la relaci\u00f3n con China y c\u00f3mo los sirios contribuyen a fortalecerla, as\u00ed como la experiencia china \u00fanica que puso a China a la vanguardia de los pa\u00edses del mundo, y c\u00f3mo nos beneficiarse y aprender de la misma.<\/p>\n<p style=\"text-align: justify;\">El presidente dijo que las comunidades sirias son el puente humanitario, social e intelectual entre Siria y el resto del mundo, y destac\u00f3 la importancia de su papel en la construcci\u00f3n de las relaciones que unen a Siria con esos pa\u00edses.<\/p>\n<p style=\"text-align: justify;\">El Presidente y la Primera Dama escucharon nuevas ideas, propuestas y opiniones sobre la cooperaci\u00f3n sirio-china en los campos cient\u00edfico, de investigaci\u00f3n, m\u00e9dico y tecnol\u00f3gico.<\/p>\n<div id='gallery-1' class='gallery galleryid-309564 gallery-columns-1 gallery-size-full'><figure class='gallery-item'>\n\t\t\t<div class='gallery-icon portrait'>\n\t\t\t\t<a href='https:\/\/archive.sana.sy\/es\/wp-content\/uploads\/2023\/09\/ss.jpg'><img loading=\"lazy\" decoding=\"async\" width=\"1200\" height=\"1938\" src=\"https:\/\/archive.sana.sy\/es\/wp-content\/uploads\/2023\/09\/ss.jpg\" class=\"attachment-full size-full\" alt=\"\" srcset=\"https:\/\/archive.sana.sy\/es\/wp-content\/uploads\/2023\/09\/ss.jpg 1200w, https:\/\/archive.sana.sy\/es\/wp-content\/uploads\/2023\/09\/ss-186x300.jpg 186w, https:\/\/archive.sana.sy\/es\/wp-content\/uploads\/2023\/09\/ss-634x1024.jpg 634w, https:\/\/archive.sana.sy\/es\/wp-content\/uploads\/2023\/09\/ss-93x150.jpg 93w, https:\/\/archive.sana.sy\/es\/wp-content\/uploads\/2023\/09\/ss-768x1240.jpg 768w, https:\/\/archive.sana.sy\/es\/wp-content\/uploads\/2023\/09\/ss-951x1536.jpg 951w\" sizes=\"(max-width: 1200px) 100vw, 1200px\" \/><\/a>\n\t\t\t<\/div><\/figure><figure class='gallery-item'>\n\t\t\t<div class='gallery-icon landscape'>\n\t\t\t\t<a href='https:\/\/archive.sana.sy\/es\/wp-content\/uploads\/2023\/09\/s1.jpg'><img loading=\"lazy\" decoding=\"async\" width=\"1200\" height=\"800\" src=\"https:\/\/archive.sana.sy\/es\/wp-content\/uploads\/2023\/09\/s1.jpg\" class=\"attachment-full size-full\" alt=\"\" srcset=\"https:\/\/archive.sana.sy\/es\/wp-content\/uploads\/2023\/09\/s1.jpg 1200w, https:\/\/archive.sana.sy\/es\/wp-content\/uploads\/2023\/09\/s1-300x200.jpg 300w, https:\/\/archive.sana.sy\/es\/wp-content\/uploads\/2023\/09\/s1-1024x683.jpg 1024w, https:\/\/archive.sana.sy\/es\/wp-content\/uploads\/2023\/09\/s1-150x100.jpg 150w, https:\/\/archive.sana.sy\/es\/wp-content\/uploads\/2023\/09\/s1-768x512.jpg 768w\" sizes=\"(max-width: 1200px) 100vw, 1200px\" \/><\/a>\n\t\t\t<\/div><\/figure><figure class='gallery-item'>\n\t\t\t<div class='gallery-icon landscape'>\n\t\t\t\t<a href='https:\/\/archive.sana.sy\/es\/wp-content\/uploads\/2023\/09\/s2.jpg'><img loading=\"lazy\" decoding=\"async\" width=\"1200\" height=\"779\" src=\"https:\/\/archive.sana.sy\/es\/wp-content\/uploads\/2023\/09\/s2.jpg\" class=\"attachment-full size-full\" alt=\"\" srcset=\"https:\/\/archive.sana.sy\/es\/wp-content\/uploads\/2023\/09\/s2.jpg 1200w, https:\/\/archive.sana.sy\/es\/wp-content\/uploads\/2023\/09\/s2-300x195.jpg 300w, https:\/\/archive.sana.sy\/es\/wp-content\/uploads\/2023\/09\/s2-1024x665.jpg 1024w, https:\/\/archive.sana.sy\/es\/wp-content\/uploads\/2023\/09\/s2-150x97.jpg 150w, https:\/\/archive.sana.sy\/es\/wp-content\/uploads\/2023\/09\/s2-768x499.jpg 768w\" sizes=\"(max-width: 1200px) 100vw, 1200px\" \/><\/a>\n\t\t\t<\/div><\/figure><figure class='gallery-item'>\n\t\t\t<div class='gallery-icon landscape'>\n\t\t\t\t<a href='https:\/\/archive.sana.sy\/es\/wp-content\/uploads\/2023\/09\/photo_2023-09-24_20-52-30-2.jpg'><img loading=\"lazy\" decoding=\"async\" width=\"1280\" height=\"718\" src=\"https:\/\/archive.sana.sy\/es\/wp-content\/uploads\/2023\/09\/photo_2023-09-24_20-52-30-2.jpg\" class=\"attachment-full size-full\" alt=\"\" srcset=\"https:\/\/archive.sana.sy\/es\/wp-content\/uploads\/2023\/09\/photo_2023-09-24_20-52-30-2.jpg 1280w, https:\/\/archive.sana.sy\/es\/wp-content\/uploads\/2023\/09\/photo_2023-09-24_20-52-30-2-300x168.jpg 300w, https:\/\/archive.sana.sy\/es\/wp-content\/uploads\/2023\/09\/photo_2023-09-24_20-52-30-2-1024x574.jpg 1024w, https:\/\/archive.sana.sy\/es\/wp-content\/uploads\/2023\/09\/photo_2023-09-24_20-52-30-2-150x84.jpg 150w, https:\/\/archive.sana.sy\/es\/wp-content\/uploads\/2023\/09\/photo_2023-09-24_20-52-30-2-768x431.jpg 768w\" sizes=\"(max-width: 1280px) 100vw, 1280px\" \/><\/a>\n\t\t\t<\/div><\/figure><figure class='gallery-item'>\n\t\t\t<div class='gallery-icon landscape'>\n\t\t\t\t<a href='https:\/\/archive.sana.sy\/es\/wp-content\/uploads\/2023\/09\/photo_2023-09-24_20-52-30-1.jpg'><img loading=\"lazy\" decoding=\"async\" width=\"1280\" height=\"818\" src=\"https:\/\/archive.sana.sy\/es\/wp-content\/uploads\/2023\/09\/photo_2023-09-24_20-52-30-1.jpg\" class=\"attachment-full size-full\" alt=\"\" srcset=\"https:\/\/archive.sana.sy\/es\/wp-content\/uploads\/2023\/09\/photo_2023-09-24_20-52-30-1.jpg 1280w, https:\/\/archive.sana.sy\/es\/wp-content\/uploads\/2023\/09\/photo_2023-09-24_20-52-30-1-300x192.jpg 300w, https:\/\/archive.sana.sy\/es\/wp-content\/uploads\/2023\/09\/photo_2023-09-24_20-52-30-1-1024x654.jpg 1024w, https:\/\/archive.sana.sy\/es\/wp-content\/uploads\/2023\/09\/photo_2023-09-24_20-52-30-1-150x96.jpg 150w, https:\/\/archive.sana.sy\/es\/wp-content\/uploads\/2023\/09\/photo_2023-09-24_20-52-30-1-768x491.jpg 768w\" sizes=\"(max-width: 1280px) 100vw, 1280px\" \/><\/a>\n\t\t\t<\/div><\/figure><figure class='gallery-item'>\n\t\t\t<div class='gallery-icon landscape'>\n\t\t\t\t<a href='https:\/\/archive.sana.sy\/es\/wp-content\/uploads\/2023\/09\/photo_2023-09-24_20-52-31-1.jpg'><img loading=\"lazy\" decoding=\"async\" width=\"1280\" height=\"756\" src=\"https:\/\/archive.sana.sy\/es\/wp-content\/uploads\/2023\/09\/photo_2023-09-24_20-52-31-1.jpg\" class=\"attachment-full size-full\" alt=\"\" srcset=\"https:\/\/archive.sana.sy\/es\/wp-content\/uploads\/2023\/09\/photo_2023-09-24_20-52-31-1.jpg 1280w, https:\/\/archive.sana.sy\/es\/wp-content\/uploads\/2023\/09\/photo_2023-09-24_20-52-31-1-300x177.jpg 300w, https:\/\/archive.sana.sy\/es\/wp-content\/uploads\/2023\/09\/photo_2023-09-24_20-52-31-1-1024x605.jpg 1024w, https:\/\/archive.sana.sy\/es\/wp-content\/uploads\/2023\/09\/photo_2023-09-24_20-52-31-1-150x89.jpg 150w, https:\/\/archive.sana.sy\/es\/wp-content\/uploads\/2023\/09\/photo_2023-09-24_20-52-31-1-768x454.jpg 768w\" sizes=\"(max-width: 1280px) 100vw, 1280px\" \/><\/a>\n\t\t\t<\/div><\/figure>\n\t\t<\/div>\n\n<p style=\"text-align: justify;\">fm\/as<\/p>\n","protected":false},"excerpt":{"rendered":"<p>Beijing, 24 sep (SANA) El presidente Bashar Al-Assad lleg\u00f3 a Beijing, la capital china, donde tiene previsto reunirse con el primer ministro Li Qiang y el presidente del Comit\u00e9 Permanente de la Asamblea Popular Nacional de China, Zhao Lijie. En Beijing, el presidente Bashar Al-Assad y la primera dama Asmaa Al-Assad tuvieron un encuentro con &hellip;<\/p>\n","protected":false},"author":42,"featured_media":309568,"comment_status":"closed","ping_status":"closed","sticky":false,"template":"","format":"standard","meta":{"footnotes":""},"categories":[597,20724,16237,467],"tags":[],"class_list":["post-309564","post","type-post","status-publish","format-standard","has-post-thumbnail","","category-cinta-de-noticias","category-minuto-a-minuto","category-presidence-de-la-republique-arabe-syria","category-siria-y-el-mundo"],"_links":{"self":[{"href":"https:\/\/archive.sana.sy\/es\/index.php?rest_route=\/wp\/v2\/posts\/309564"}],"collection":[{"href":"https:\/\/archive.sana.sy\/es\/index.php?rest_route=\/wp\/v2\/posts"}],"about":[{"href":"https:\/\/archive.sana.sy\/es\/index.php?rest_route=\/wp\/v2\/types\/post"}],"author":[{"embeddable":true,"href":"https:\/\/archive.sana.sy\/es\/index.php?rest_route=\/wp\/v2\/users\/42"}],"replies":[{"embeddable":true,"href":"https:\/\/archive.sana.sy\/es\/index.php?rest_route=%2Fwp%2Fv2%2Fcomments&post=309564"}],"version-history":[{"count":3,"href":"https:\/\/archive.sana.sy\/es\/index.php?rest_route=\/wp\/v2\/posts\/309564\/revisions"}],"predecessor-version":[{"id":309589,"href":"https:\/\/archive.sana.sy\/es\/index.php?rest_route=\/wp\/v2\/posts\/309564\/revisions\/309589"}],"wp:featuredmedia":[{"embeddable":true,"href":"https:\/\/archive.sana.sy\/es\/index.php?rest_route=\/wp\/v2\/media\/309568"}],"wp:attachment":[{"href":"https:\/\/archive.sana.sy\/es\/index.php?rest_route=%2Fwp%2Fv2%2Fmedia&parent=309564"}],"wp:term":[{"taxonomy":"category","embeddable":true,"href":"https:\/\/archive.sana.sy\/es\/index.php?rest_route=%2Fwp%2Fv2%2Fcategories&post=309564"},{"taxonomy":"post_tag","embeddable":true,"href":"https:\/\/archive.sana.sy\/es\/index.php?rest_route=%2Fwp%2Fv2%2Ftags&post=309564"}],"curies":[{"name":"wp","href":"https:\/\/api.w.org\/{rel}","templated":true}]}}