{"id":309596,"date":"2023-09-25T09:06:50","date_gmt":"2023-09-25T06:06:50","guid":{"rendered":"http:\/\/sana.sy\/es\/?p=309596"},"modified":"2023-09-25T09:07:13","modified_gmt":"2023-09-25T06:07:13","slug":"israel-bombardea-gaza-por-tercer-dia-consecutivo","status":"publish","type":"post","link":"https:\/\/archive.sana.sy\/es\/?p=309596","title":{"rendered":"&#8220;Israel&#8221; bombardea Gaza por tercer d\u00eda consecutivo"},"content":{"rendered":"<blockquote>\n<p style=\"text-align: justify;\"><span style=\"color: #800000;\">Seg\u00fan reportes de la agencia palestina de noticias Wafa, al menos una aeronave dispar\u00f3 varios misiles contra un sitio al este del campo de refugiados de Bureij, ubicado en el centro del enclave costero, aunque sin causar v\u00edctimas.<\/span><\/p>\n<\/blockquote>\n<p style=\"text-align: justify;\"><span style=\"color: #800000;\"><strong>Jerusal\u00e9n ocupada, 25 sep (SANA)<\/strong> <\/span>Las Fuerzas de ocupaci\u00f3n israel\u00edes bombardearon hoy la Franja de Gaza, donde viven m\u00e1s de dos millones de palestinos.<\/p>\n<p style=\"text-align: justify;\">Seg\u00fan reportes de la agencia palestina de noticias Wafa, al menos una aeronave dispar\u00f3 varios misiles contra un sitio al este del campo de refugiados de Bureij, ubicado en el centro del enclave costero, aunque sin causar v\u00edctimas.<\/p>\n<p style=\"text-align: justify;\">Desde hace m\u00e1s de una semana cientos de palestinos se concentran a diario en la frontera entre la Franja e Israel para protestar contra la ocupaci\u00f3n, lo cual caus\u00f3 enfrentamientos tras los disparos con botes de gases lacrim\u00f3genos y munici\u00f3n real de los soldados de las FDI.<\/p>\n<p style=\"text-align: justify;\">fm\/as<\/p>\n","protected":false},"excerpt":{"rendered":"<p>Seg\u00fan reportes de la agencia palestina de noticias Wafa, al menos una aeronave dispar\u00f3 varios misiles contra un sitio al este del campo de refugiados de Bureij, ubicado en el centro del enclave costero, aunque sin causar v\u00edctimas. Jerusal\u00e9n ocupada, 25 sep (SANA) Las Fuerzas de ocupaci\u00f3n israel\u00edes bombardearon hoy la Franja de Gaza, donde &hellip;<\/p>\n","protected":false},"author":42,"featured_media":309597,"comment_status":"closed","ping_status":"closed","sticky":false,"template":"","format":"standard","meta":{"footnotes":""},"categories":[597,456,16687,20724,7541],"tags":[],"class_list":["post-309596","post","type-post","status-publish","format-standard","has-post-thumbnail","","category-cinta-de-noticias","category-arabe-internacional-politica","category-internacionales","category-minuto-a-minuto","category-ultimas-noticias"],"_links":{"self":[{"href":"https:\/\/archive.sana.sy\/es\/index.php?rest_route=\/wp\/v2\/posts\/309596"}],"collection":[{"href":"https:\/\/archive.sana.sy\/es\/index.php?rest_route=\/wp\/v2\/posts"}],"about":[{"href":"https:\/\/archive.sana.sy\/es\/index.php?rest_route=\/wp\/v2\/types\/post"}],"author":[{"embeddable":true,"href":"https:\/\/archive.sana.sy\/es\/index.php?rest_route=\/wp\/v2\/users\/42"}],"replies":[{"embeddable":true,"href":"https:\/\/archive.sana.sy\/es\/index.php?rest_route=%2Fwp%2Fv2%2Fcomments&post=309596"}],"version-history":[{"count":1,"href":"https:\/\/archive.sana.sy\/es\/index.php?rest_route=\/wp\/v2\/posts\/309596\/revisions"}],"predecessor-version":[{"id":309598,"href":"https:\/\/archive.sana.sy\/es\/index.php?rest_route=\/wp\/v2\/posts\/309596\/revisions\/309598"}],"wp:featuredmedia":[{"embeddable":true,"href":"https:\/\/archive.sana.sy\/es\/index.php?rest_route=\/wp\/v2\/media\/309597"}],"wp:attachment":[{"href":"https:\/\/archive.sana.sy\/es\/index.php?rest_route=%2Fwp%2Fv2%2Fmedia&parent=309596"}],"wp:term":[{"taxonomy":"category","embeddable":true,"href":"https:\/\/archive.sana.sy\/es\/index.php?rest_route=%2Fwp%2Fv2%2Fcategories&post=309596"},{"taxonomy":"post_tag","embeddable":true,"href":"https:\/\/archive.sana.sy\/es\/index.php?rest_route=%2Fwp%2Fv2%2Ftags&post=309596"}],"curies":[{"name":"wp","href":"https:\/\/api.w.org\/{rel}","templated":true}]}}