{"id":309600,"date":"2023-09-25T09:16:18","date_gmt":"2023-09-25T06:16:18","guid":{"rendered":"http:\/\/sana.sy\/es\/?p=309600"},"modified":"2023-09-25T09:16:18","modified_gmt":"2023-09-25T06:16:18","slug":"cuba-denuncia-ataque-terrorista-contra-su-embajada-en-eeuu","status":"publish","type":"post","link":"https:\/\/archive.sana.sy\/es\/?p=309600","title":{"rendered":"Cuba denuncia ataque terrorista contra su embajada en EEUU"},"content":{"rendered":"<blockquote>\n<p style=\"text-align: justify;\"><span style=\"color: #993300;\">Seg\u00fan datos oficiales, al menos 581 actos de terrorismo de Estado se produjeron contra representaciones diplom\u00e1ticas de Cuba desde el triunfo de la Revoluci\u00f3n, en enero de 1959.<\/span><\/p>\n<\/blockquote>\n<p style=\"text-align: justify;\"><span style=\"color: #800000;\"><strong>Washington, 25 sep (SANA)<\/strong> <\/span>La embajada de Cuba en Estados Unidos fue objeto de un ataque terrorista de un individuo que lanz\u00f3 dos cocteles molotov.<\/p>\n<p style=\"text-align: justify;\">El ministro de Relaciones Exteriores, Bruno Rodr\u00edguez, escribi\u00f3 en su cuenta en X, antes Twitter, que no hubo da\u00f1os al personal y se precisan lo detalles.<\/p>\n<p style=\"text-align: justify;\">Es el segundo ataque violento contra la sede diplom\u00e1tica en Washington, record\u00f3 Rodr\u00edguez.<\/p>\n<p style=\"text-align: justify;\">En abril de 2020 un individuo dispar\u00f3 contra la embajada de la isla en esta capital, causando da\u00f1os materiales en el inmueble.<\/p>\n<p style=\"text-align: justify;\">Seg\u00fan datos oficiales, al menos 581 actos de terrorismo de Estado se produjeron contra representaciones diplom\u00e1ticas de Cuba desde el triunfo de la Revoluci\u00f3n, en enero de 1959.<\/p>\n<p style=\"text-align: justify;\">fm\/as<\/p>\n","protected":false},"excerpt":{"rendered":"<p>Seg\u00fan datos oficiales, al menos 581 actos de terrorismo de Estado se produjeron contra representaciones diplom\u00e1ticas de Cuba desde el triunfo de la Revoluci\u00f3n, en enero de 1959. Washington, 25 sep (SANA) La embajada de Cuba en Estados Unidos fue objeto de un ataque terrorista de un individuo que lanz\u00f3 dos cocteles molotov. El ministro &hellip;<\/p>\n","protected":false},"author":42,"featured_media":309601,"comment_status":"closed","ping_status":"closed","sticky":false,"template":"","format":"standard","meta":{"footnotes":""},"categories":[597,456,16687,20724,7541],"tags":[],"class_list":["post-309600","post","type-post","status-publish","format-standard","has-post-thumbnail","","category-cinta-de-noticias","category-arabe-internacional-politica","category-internacionales","category-minuto-a-minuto","category-ultimas-noticias"],"_links":{"self":[{"href":"https:\/\/archive.sana.sy\/es\/index.php?rest_route=\/wp\/v2\/posts\/309600"}],"collection":[{"href":"https:\/\/archive.sana.sy\/es\/index.php?rest_route=\/wp\/v2\/posts"}],"about":[{"href":"https:\/\/archive.sana.sy\/es\/index.php?rest_route=\/wp\/v2\/types\/post"}],"author":[{"embeddable":true,"href":"https:\/\/archive.sana.sy\/es\/index.php?rest_route=\/wp\/v2\/users\/42"}],"replies":[{"embeddable":true,"href":"https:\/\/archive.sana.sy\/es\/index.php?rest_route=%2Fwp%2Fv2%2Fcomments&post=309600"}],"version-history":[{"count":1,"href":"https:\/\/archive.sana.sy\/es\/index.php?rest_route=\/wp\/v2\/posts\/309600\/revisions"}],"predecessor-version":[{"id":309602,"href":"https:\/\/archive.sana.sy\/es\/index.php?rest_route=\/wp\/v2\/posts\/309600\/revisions\/309602"}],"wp:featuredmedia":[{"embeddable":true,"href":"https:\/\/archive.sana.sy\/es\/index.php?rest_route=\/wp\/v2\/media\/309601"}],"wp:attachment":[{"href":"https:\/\/archive.sana.sy\/es\/index.php?rest_route=%2Fwp%2Fv2%2Fmedia&parent=309600"}],"wp:term":[{"taxonomy":"category","embeddable":true,"href":"https:\/\/archive.sana.sy\/es\/index.php?rest_route=%2Fwp%2Fv2%2Fcategories&post=309600"},{"taxonomy":"post_tag","embeddable":true,"href":"https:\/\/archive.sana.sy\/es\/index.php?rest_route=%2Fwp%2Fv2%2Ftags&post=309600"}],"curies":[{"name":"wp","href":"https:\/\/api.w.org\/{rel}","templated":true}]}}