{"id":309627,"date":"2023-09-25T12:15:22","date_gmt":"2023-09-25T09:15:22","guid":{"rendered":"http:\/\/sana.sy\/es\/?p=309627"},"modified":"2023-09-25T12:15:22","modified_gmt":"2023-09-25T09:15:22","slug":"fuerzas-iranies-detienen-a-15-terroristas-en-el-oeste-del-pais","status":"publish","type":"post","link":"https:\/\/archive.sana.sy\/es\/?p=309627","title":{"rendered":"Fuerzas iran\u00edes detienen a 15 terroristas en el oeste del pa\u00eds"},"content":{"rendered":"<p style=\"text-align: justify;\"><span style=\"color: #800000;\"><strong>Teher\u00e1n, 24 sep (SANA)<\/strong><\/span> Las fuerzas iran\u00edes detuvieron a 15 terroristas de Daesh en la provincia de Azerbaiy\u00e1n del Oeste, quienes planeaban perpetrar atentado y ataques terroristas en la capital iran\u00ed, Teher\u00e1n.<\/p>\n<p style=\"text-align: justify;\">&#8220;Se incaut\u00f3 un gran n\u00famero de armas, artefactos, cinturones explosivos y detonadores con control remoto que ten\u00eda esta banda armada&#8221;, dijo Nasser Etabati, jefe de la Fiscal\u00eda.<\/p>\n<p style=\"text-align: justify;\">Recientemente, el Ministerio de Seguridad iran\u00ed frustr\u00f3 30 atentados que se planeaban contra lugares concurridos en Teher\u00e1n, y arrestaron 28 terroristas.<\/p>\n<p style=\"text-align: justify;\">lo\/fm<\/p>\n","protected":false},"excerpt":{"rendered":"<p>Teher\u00e1n, 24 sep (SANA) Las fuerzas iran\u00edes detuvieron a 15 terroristas de Daesh en la provincia de Azerbaiy\u00e1n del Oeste, quienes planeaban perpetrar atentado y ataques terroristas en la capital iran\u00ed, Teher\u00e1n. &#8220;Se incaut\u00f3 un gran n\u00famero de armas, artefactos, cinturones explosivos y detonadores con control remoto que ten\u00eda esta banda armada&#8221;, dijo Nasser Etabati, &hellip;<\/p>\n","protected":false},"author":32,"featured_media":309628,"comment_status":"closed","ping_status":"closed","sticky":false,"template":"","format":"standard","meta":{"footnotes":""},"categories":[597,456,16687,7541],"tags":[],"class_list":["post-309627","post","type-post","status-publish","format-standard","has-post-thumbnail","","category-cinta-de-noticias","category-arabe-internacional-politica","category-internacionales","category-ultimas-noticias"],"_links":{"self":[{"href":"https:\/\/archive.sana.sy\/es\/index.php?rest_route=\/wp\/v2\/posts\/309627"}],"collection":[{"href":"https:\/\/archive.sana.sy\/es\/index.php?rest_route=\/wp\/v2\/posts"}],"about":[{"href":"https:\/\/archive.sana.sy\/es\/index.php?rest_route=\/wp\/v2\/types\/post"}],"author":[{"embeddable":true,"href":"https:\/\/archive.sana.sy\/es\/index.php?rest_route=\/wp\/v2\/users\/32"}],"replies":[{"embeddable":true,"href":"https:\/\/archive.sana.sy\/es\/index.php?rest_route=%2Fwp%2Fv2%2Fcomments&post=309627"}],"version-history":[{"count":1,"href":"https:\/\/archive.sana.sy\/es\/index.php?rest_route=\/wp\/v2\/posts\/309627\/revisions"}],"predecessor-version":[{"id":309629,"href":"https:\/\/archive.sana.sy\/es\/index.php?rest_route=\/wp\/v2\/posts\/309627\/revisions\/309629"}],"wp:featuredmedia":[{"embeddable":true,"href":"https:\/\/archive.sana.sy\/es\/index.php?rest_route=\/wp\/v2\/media\/309628"}],"wp:attachment":[{"href":"https:\/\/archive.sana.sy\/es\/index.php?rest_route=%2Fwp%2Fv2%2Fmedia&parent=309627"}],"wp:term":[{"taxonomy":"category","embeddable":true,"href":"https:\/\/archive.sana.sy\/es\/index.php?rest_route=%2Fwp%2Fv2%2Fcategories&post=309627"},{"taxonomy":"post_tag","embeddable":true,"href":"https:\/\/archive.sana.sy\/es\/index.php?rest_route=%2Fwp%2Fv2%2Ftags&post=309627"}],"curies":[{"name":"wp","href":"https:\/\/api.w.org\/{rel}","templated":true}]}}