{"id":309667,"date":"2023-09-25T15:54:30","date_gmt":"2023-09-25T12:54:30","guid":{"rendered":"http:\/\/sana.sy\/es\/?p=309667"},"modified":"2023-09-25T15:54:30","modified_gmt":"2023-09-25T12:54:30","slug":"ministro-sirio-del-interior-recibe-a-embajador-de-brasil","status":"publish","type":"post","link":"https:\/\/archive.sana.sy\/es\/?p=309667","title":{"rendered":"Ministro sirio del Interior recibe a Embajador de Brasil"},"content":{"rendered":"<p style=\"text-align: justify;\"><span style=\"color: #800000;\"><strong>Damasco, 25 sep (SANA)\u00a0<\/strong> <\/span>\u00a0El ministro sirio del Interior, Muhammad Al-Rahmoun, repas\u00f3 con el embajador de Brasil en Damasco, Andr\u00e9 Santos, las formas de fortalecer y desarrollar las relaciones de cooperaci\u00f3n conjunta en diversos campos, especialmente en el \u00e1mbito de seguridad.<\/p>\n<p style=\"text-align: justify;\">El titular sirio destac\u00f3 que su pa\u00eds est\u00e1 dispuesto a seguir velando los intereses de comunidad brasile\u00f1a en Siria y brindar todas las facilidades a los ciudadanos brasile\u00f1os residente en este pa\u00eds \u00e1rabe y resolver sus problemas.<\/p>\n<p style=\"text-align: justify;\">Se\u00f1al\u00f3 que las relaciones entre las dos naciones amigas son hist\u00f3ricas y se basan en el respeto mutuo entre los dos pa\u00edses y sus pueblos.<\/p>\n<p style=\"text-align: justify;\">Por su parte, el embajador de la naci\u00f3n sudamericana afirm\u00f3 que har\u00e1 todos los esfuerzos posibles para fortalecer los lazos entre ambos pa\u00edses y fortalecerlos para el bien e inter\u00e9s de los dos pueblos amigos.<\/p>\n<p style=\"text-align: justify;\">sm\/fm<\/p>\n","protected":false},"excerpt":{"rendered":"<p>Damasco, 25 sep (SANA)\u00a0 \u00a0El ministro sirio del Interior, Muhammad Al-Rahmoun, repas\u00f3 con el embajador de Brasil en Damasco, Andr\u00e9 Santos, las formas de fortalecer y desarrollar las relaciones de cooperaci\u00f3n conjunta en diversos campos, especialmente en el \u00e1mbito de seguridad. El titular sirio destac\u00f3 que su pa\u00eds est\u00e1 dispuesto a seguir velando los intereses &hellip;<\/p>\n","protected":false},"author":39,"featured_media":309668,"comment_status":"closed","ping_status":"closed","sticky":false,"template":"","format":"standard","meta":{"footnotes":""},"categories":[477,597,573,20724,467,7541],"tags":[],"class_list":["post-309667","post","type-post","status-publish","format-standard","has-post-thumbnail","","category-noticias-edulcorantes","category-cinta-de-noticias","category-la-realidad-de-los-acontecimientos-en-siria","category-minuto-a-minuto","category-siria-y-el-mundo","category-ultimas-noticias"],"_links":{"self":[{"href":"https:\/\/archive.sana.sy\/es\/index.php?rest_route=\/wp\/v2\/posts\/309667"}],"collection":[{"href":"https:\/\/archive.sana.sy\/es\/index.php?rest_route=\/wp\/v2\/posts"}],"about":[{"href":"https:\/\/archive.sana.sy\/es\/index.php?rest_route=\/wp\/v2\/types\/post"}],"author":[{"embeddable":true,"href":"https:\/\/archive.sana.sy\/es\/index.php?rest_route=\/wp\/v2\/users\/39"}],"replies":[{"embeddable":true,"href":"https:\/\/archive.sana.sy\/es\/index.php?rest_route=%2Fwp%2Fv2%2Fcomments&post=309667"}],"version-history":[{"count":1,"href":"https:\/\/archive.sana.sy\/es\/index.php?rest_route=\/wp\/v2\/posts\/309667\/revisions"}],"predecessor-version":[{"id":309669,"href":"https:\/\/archive.sana.sy\/es\/index.php?rest_route=\/wp\/v2\/posts\/309667\/revisions\/309669"}],"wp:featuredmedia":[{"embeddable":true,"href":"https:\/\/archive.sana.sy\/es\/index.php?rest_route=\/wp\/v2\/media\/309668"}],"wp:attachment":[{"href":"https:\/\/archive.sana.sy\/es\/index.php?rest_route=%2Fwp%2Fv2%2Fmedia&parent=309667"}],"wp:term":[{"taxonomy":"category","embeddable":true,"href":"https:\/\/archive.sana.sy\/es\/index.php?rest_route=%2Fwp%2Fv2%2Fcategories&post=309667"},{"taxonomy":"post_tag","embeddable":true,"href":"https:\/\/archive.sana.sy\/es\/index.php?rest_route=%2Fwp%2Fv2%2Ftags&post=309667"}],"curies":[{"name":"wp","href":"https:\/\/api.w.org\/{rel}","templated":true}]}}