{"id":309700,"date":"2023-09-26T09:50:36","date_gmt":"2023-09-26T06:50:36","guid":{"rendered":"http:\/\/sana.sy\/es\/?p=309700"},"modified":"2023-09-26T09:50:36","modified_gmt":"2023-09-26T06:50:36","slug":"sabbagh-y-dennis-francis-abordan-coordinacion-y-cooperacion-en-la-asamblea-general-de-la-onu","status":"publish","type":"post","link":"https:\/\/archive.sana.sy\/es\/?p=309700","title":{"rendered":"Sabbagh y Dennis Francis abordan coordinaci\u00f3n y cooperaci\u00f3n en la Asamblea General de la ONU"},"content":{"rendered":"<blockquote>\n<p style=\"text-align: justify;\"><span style=\"color: #993300;\">El diplom\u00e1tico sirio explic\u00f3 los desaf\u00edos que enfrenta Siria con respecto al logro de los objetivos de desarrollo sostenible, representados fundamentalmente en los focos terroristas restantes y los efectos catastr\u00f3ficos resultantes de la continua presencia extranjera ilegal en territorio sirio y de las medidas coercitivas unilaterales ilegales.<\/span><\/p>\n<\/blockquote>\n<p style=\"text-align: justify;\"><span style=\"color: #800000;\"><strong>Nueva York, 26 sep (SANA)<\/strong> <\/span>El vicecanciller designado y jefe de la delegaci\u00f3n siria en el 78 per\u00edodo de sesiones de la Asamblea General de las Naciones Unidas, Bassam Sabbagh, se reuni\u00f3n con el presidente de la Asamblea, Dennis Francis, y lo felicit\u00f3 por asumir la presidencia.<\/p>\n<p style=\"text-align: justify;\">Sabbagh expres\u00f3 la disposici\u00f3n de Siria para coordinar y cooperar con Dennis Francis en todas las cuestiones relacionadas con su mandato.<\/p>\n<p style=\"text-align: justify;\">El diplom\u00e1tico sirio explic\u00f3 los desaf\u00edos que enfrenta Siria con respecto al logro de los objetivos de desarrollo sostenible, representados fundamentalmente en los focos terroristas restantes y los efectos catastr\u00f3ficos resultantes de la continua presencia extranjera ilegal en territorio sirio y de las medidas coercitivas unilaterales ilegales.<\/p>\n<p style=\"text-align: justify;\">A su vez, Francis afirm\u00f3 su continuo empe\u00f1o y coordinaci\u00f3n con las delegaciones de todos los Estados miembros, y expres\u00f3 su aspiraci\u00f3n de trabajar estrechamente con la parte siria en los temas de la agenda del actual del per\u00edodo de sesiones de la Asamblea General.<\/p>\n<p style=\"text-align: justify;\">Subray\u00f3 la importancia del respeto a la Carta de las Naciones Unidas y los principios del derecho internacional, y manifest\u00f3 su entusiasmo por garantizar que la Asamblea General sea una plataforma para el di\u00e1logo constructivo entre sus Estados miembros.<\/p>\n<p style=\"text-align: justify;\">fm\/as<\/p>\n","protected":false},"excerpt":{"rendered":"<p>El diplom\u00e1tico sirio explic\u00f3 los desaf\u00edos que enfrenta Siria con respecto al logro de los objetivos de desarrollo sostenible, representados fundamentalmente en los focos terroristas restantes y los efectos catastr\u00f3ficos resultantes de la continua presencia extranjera ilegal en territorio sirio y de las medidas coercitivas unilaterales ilegales. Nueva York, 26 sep (SANA) El vicecanciller designado &hellip;<\/p>\n","protected":false},"author":42,"featured_media":309701,"comment_status":"closed","ping_status":"closed","sticky":false,"template":"","format":"standard","meta":{"footnotes":""},"categories":[597,20724,467,7541],"tags":[],"class_list":["post-309700","post","type-post","status-publish","format-standard","has-post-thumbnail","","category-cinta-de-noticias","category-minuto-a-minuto","category-siria-y-el-mundo","category-ultimas-noticias"],"_links":{"self":[{"href":"https:\/\/archive.sana.sy\/es\/index.php?rest_route=\/wp\/v2\/posts\/309700"}],"collection":[{"href":"https:\/\/archive.sana.sy\/es\/index.php?rest_route=\/wp\/v2\/posts"}],"about":[{"href":"https:\/\/archive.sana.sy\/es\/index.php?rest_route=\/wp\/v2\/types\/post"}],"author":[{"embeddable":true,"href":"https:\/\/archive.sana.sy\/es\/index.php?rest_route=\/wp\/v2\/users\/42"}],"replies":[{"embeddable":true,"href":"https:\/\/archive.sana.sy\/es\/index.php?rest_route=%2Fwp%2Fv2%2Fcomments&post=309700"}],"version-history":[{"count":1,"href":"https:\/\/archive.sana.sy\/es\/index.php?rest_route=\/wp\/v2\/posts\/309700\/revisions"}],"predecessor-version":[{"id":309702,"href":"https:\/\/archive.sana.sy\/es\/index.php?rest_route=\/wp\/v2\/posts\/309700\/revisions\/309702"}],"wp:featuredmedia":[{"embeddable":true,"href":"https:\/\/archive.sana.sy\/es\/index.php?rest_route=\/wp\/v2\/media\/309701"}],"wp:attachment":[{"href":"https:\/\/archive.sana.sy\/es\/index.php?rest_route=%2Fwp%2Fv2%2Fmedia&parent=309700"}],"wp:term":[{"taxonomy":"category","embeddable":true,"href":"https:\/\/archive.sana.sy\/es\/index.php?rest_route=%2Fwp%2Fv2%2Fcategories&post=309700"},{"taxonomy":"post_tag","embeddable":true,"href":"https:\/\/archive.sana.sy\/es\/index.php?rest_route=%2Fwp%2Fv2%2Ftags&post=309700"}],"curies":[{"name":"wp","href":"https:\/\/api.w.org\/{rel}","templated":true}]}}