{"id":309703,"date":"2023-09-26T11:11:10","date_gmt":"2023-09-26T08:11:10","guid":{"rendered":"http:\/\/sana.sy\/es\/?p=309703"},"modified":"2023-09-26T11:11:10","modified_gmt":"2023-09-26T08:11:10","slug":"defensa-aerea-rusa-derriban-dron-ucraniano-sobre-la-provincia-de-kursk","status":"publish","type":"post","link":"https:\/\/archive.sana.sy\/es\/?p=309703","title":{"rendered":"Defensa a\u00e9rea rusa derriban dron ucraniano sobre la provincia de Kursk"},"content":{"rendered":"<p style=\"text-align: justify;\"><span style=\"color: #800000;\"><strong>Mosc\u00fa, 26 sep (SANA) <\/strong><\/span>Las defensas a\u00e9reas rusas derribaron hoy un veh\u00edculo a\u00e9reo no tripulado ucraniano sobre la ciudad rusa de Kursk.<\/p>\n<p style=\"text-align: justify;\">El Ministerio de Defensa ruso inform\u00f3 en un comunicado que las fuerzas de defensa a\u00e9rea frustraron un intento perpetrado por el r\u00e9gimen de Kiev para lanzar un ataque terrorista con dron contra blancos en Mosc\u00fa.<\/p>\n<p style=\"text-align: justify;\">Anunci\u00f3 la destrucci\u00f3n del dron sobre la regi\u00f3n de Kursk sin que se reporten heridos.<\/p>\n<p style=\"text-align: justify;\">Anteriormente, las defensas rusas destruyeron siete drones ucranianos sobre la provincia rusa de Belgorod.<\/p>\n<p style=\"text-align: justify;\">as\/fm<\/p>\n","protected":false},"excerpt":{"rendered":"<p>Mosc\u00fa, 26 sep (SANA) Las defensas a\u00e9reas rusas derribaron hoy un veh\u00edculo a\u00e9reo no tripulado ucraniano sobre la ciudad rusa de Kursk. El Ministerio de Defensa ruso inform\u00f3 en un comunicado que las fuerzas de defensa a\u00e9rea frustraron un intento perpetrado por el r\u00e9gimen de Kiev para lanzar un ataque terrorista con dron contra blancos &hellip;<\/p>\n","protected":false},"author":42,"featured_media":309704,"comment_status":"closed","ping_status":"closed","sticky":false,"template":"","format":"standard","meta":{"footnotes":""},"categories":[597,456,16687,20724,7541],"tags":[],"class_list":["post-309703","post","type-post","status-publish","format-standard","has-post-thumbnail","","category-cinta-de-noticias","category-arabe-internacional-politica","category-internacionales","category-minuto-a-minuto","category-ultimas-noticias"],"_links":{"self":[{"href":"https:\/\/archive.sana.sy\/es\/index.php?rest_route=\/wp\/v2\/posts\/309703"}],"collection":[{"href":"https:\/\/archive.sana.sy\/es\/index.php?rest_route=\/wp\/v2\/posts"}],"about":[{"href":"https:\/\/archive.sana.sy\/es\/index.php?rest_route=\/wp\/v2\/types\/post"}],"author":[{"embeddable":true,"href":"https:\/\/archive.sana.sy\/es\/index.php?rest_route=\/wp\/v2\/users\/42"}],"replies":[{"embeddable":true,"href":"https:\/\/archive.sana.sy\/es\/index.php?rest_route=%2Fwp%2Fv2%2Fcomments&post=309703"}],"version-history":[{"count":1,"href":"https:\/\/archive.sana.sy\/es\/index.php?rest_route=\/wp\/v2\/posts\/309703\/revisions"}],"predecessor-version":[{"id":309705,"href":"https:\/\/archive.sana.sy\/es\/index.php?rest_route=\/wp\/v2\/posts\/309703\/revisions\/309705"}],"wp:featuredmedia":[{"embeddable":true,"href":"https:\/\/archive.sana.sy\/es\/index.php?rest_route=\/wp\/v2\/media\/309704"}],"wp:attachment":[{"href":"https:\/\/archive.sana.sy\/es\/index.php?rest_route=%2Fwp%2Fv2%2Fmedia&parent=309703"}],"wp:term":[{"taxonomy":"category","embeddable":true,"href":"https:\/\/archive.sana.sy\/es\/index.php?rest_route=%2Fwp%2Fv2%2Fcategories&post=309703"},{"taxonomy":"post_tag","embeddable":true,"href":"https:\/\/archive.sana.sy\/es\/index.php?rest_route=%2Fwp%2Fv2%2Ftags&post=309703"}],"curies":[{"name":"wp","href":"https:\/\/api.w.org\/{rel}","templated":true}]}}