{"id":309709,"date":"2023-09-26T13:37:45","date_gmt":"2023-09-26T10:37:45","guid":{"rendered":"http:\/\/sana.sy\/es\/?p=309709"},"modified":"2023-09-26T13:37:45","modified_gmt":"2023-09-26T10:37:45","slug":"%e2%9a%a1%ef%b8%8f-los-tanques-estadounidenses-abrams-arderan-en-ucrania-tal-como-fueron-destruidas-otras-armas-occidentales-declaro-el-vocero-del-kremlin-dmitri-peskov","status":"publish","type":"post","link":"https:\/\/archive.sana.sy\/es\/?p=309709","title":{"rendered":"\u26a1\ufe0f Los tanques estadounidenses Abrams arder\u00e1n en Ucrania tal como fueron destruidas otras armas occidentales, declar\u00f3 el vocero del Kreml\u00edn, Dmitri Peskov"},"content":{"rendered":"","protected":false},"excerpt":{"rendered":"","protected":false},"author":32,"featured_media":0,"comment_status":"closed","ping_status":"closed","sticky":false,"template":"","format":"standard","meta":{"footnotes":""},"categories":[20724,596],"tags":[],"class_list":["post-309709","post","type-post","status-publish","format-standard","","category-minuto-a-minuto","category-urgente"],"_links":{"self":[{"href":"https:\/\/archive.sana.sy\/es\/index.php?rest_route=\/wp\/v2\/posts\/309709"}],"collection":[{"href":"https:\/\/archive.sana.sy\/es\/index.php?rest_route=\/wp\/v2\/posts"}],"about":[{"href":"https:\/\/archive.sana.sy\/es\/index.php?rest_route=\/wp\/v2\/types\/post"}],"author":[{"embeddable":true,"href":"https:\/\/archive.sana.sy\/es\/index.php?rest_route=\/wp\/v2\/users\/32"}],"replies":[{"embeddable":true,"href":"https:\/\/archive.sana.sy\/es\/index.php?rest_route=%2Fwp%2Fv2%2Fcomments&post=309709"}],"version-history":[{"count":1,"href":"https:\/\/archive.sana.sy\/es\/index.php?rest_route=\/wp\/v2\/posts\/309709\/revisions"}],"predecessor-version":[{"id":309710,"href":"https:\/\/archive.sana.sy\/es\/index.php?rest_route=\/wp\/v2\/posts\/309709\/revisions\/309710"}],"wp:attachment":[{"href":"https:\/\/archive.sana.sy\/es\/index.php?rest_route=%2Fwp%2Fv2%2Fmedia&parent=309709"}],"wp:term":[{"taxonomy":"category","embeddable":true,"href":"https:\/\/archive.sana.sy\/es\/index.php?rest_route=%2Fwp%2Fv2%2Fcategories&post=309709"},{"taxonomy":"post_tag","embeddable":true,"href":"https:\/\/archive.sana.sy\/es\/index.php?rest_route=%2Fwp%2Fv2%2Ftags&post=309709"}],"curies":[{"name":"wp","href":"https:\/\/api.w.org\/{rel}","templated":true}]}}