{"id":30971,"date":"2015-10-03T13:20:05","date_gmt":"2015-10-03T10:20:05","guid":{"rendered":"http:\/\/sana.sy\/es\/?p=30971"},"modified":"2015-10-03T13:27:32","modified_gmt":"2015-10-03T10:27:32","slug":"al-moallem-se-reune-con-su-homologo-irani-y-con-el-secretario-general-de-las-naciones-unidas","status":"publish","type":"post","link":"https:\/\/archive.sana.sy\/es\/?p=30971","title":{"rendered":"Al-Moallem se re\u00fane con su hom\u00f3logo iran\u00ed y con el Secretario General de las Naciones Unidas"},"content":{"rendered":"<p><span style=\"color: #800000\">Nueva York, SANA<\/span><\/p>\n<p>El Viceprimer Ministro y Ministro de Exteriores y Expatriados, Walid al-Moallem, se reuni\u00f3 al margen de la 70\u00aa sesi\u00f3n de la Asamblea General de las Naciones Unidas en Nueva York, con su hom\u00f3logo iran\u00ed Mohammad Javad Zarif.<\/p>\n<p>Las conversaciones entre ambos cancilleres se centraron en la situaci\u00f3n en la regi\u00f3n, particularmente en Siria.<br \/>\nEl canciller iran\u00ed salud\u00f3 la firmeza del pueblo y del gobierno de Siria ante la agresi\u00f3n terrorista apoyada por pa\u00edses regionales y occidentales.<\/p>\n<p>Asimismo, subray\u00f3 la importancia de proporcionar todo apoyo a la firmeza de Siria en la cara de este complot, expresando que Teher\u00e1n acogi\u00f3 con benepl\u00e1cito el esfuerzo llevado a cabo por Rusia en el apoyo a la firmeza de Siria, y haciendo hincapi\u00e9 en la continuaci\u00f3n del apoyo de Rep\u00fablica Isl\u00e1mica de Ir\u00e1n.<\/p>\n<p>Por su parte, el canciller al-Moallem explic\u00f3 las victorias logradas por el Ej\u00e9rcito \u00c1rabe Sirio contra el terrorismo, y expres\u00f3 su confianza en que el apoyo sincero proporcionado por Ir\u00e1n a Siria contribuir\u00eda a derrotar el ataque terrorista y pondr\u00eda fin a los pa\u00edses que conspiran contra Siria.<\/p>\n<p><span style=\"color: #0000ff\">Al-Moallem se re\u00fane con Ki-Moon<\/span><\/p>\n<p>De igual manera, el canciller al-Moallem se reuni\u00f3 con Ban Ki-moon, el Secretario General de las Naciones Unidas.<\/p>\n<p>Durante la reuni\u00f3n, las conversaciones abordaron la situaci\u00f3n en Siria y la necesidad de combatir el terrorismo y aplicar las resoluciones del Consejo de Seguridad en esta \u00e1rea, adem\u00e1s de la continuaci\u00f3n del proceso pol\u00edtico para poner fin a la crisis en Siria.<\/p>\n<p>Ambos debatieron la misi\u00f3n del Enviado Especial del Secretario General a Siria, Staffan de Mistura.<\/p>\n<p>El jefe de la diplomacia siria hizo hincapi\u00e9 en que la lucha contra el terrorismo es una prioridad que debe ser objeto de atenci\u00f3n de las Naciones Unidas y del Consejo de Seguridad, teniendo en cuenta que no se puede llegar a poner en pr\u00e1ctica una soluci\u00f3n pol\u00edtica antes de la erradicaci\u00f3n del terrorismo.<\/p>\n<p>As\u00ed, hizo \u00e9nfasis en la aplicaci\u00f3n de las resoluciones del Consejo de Seguridad y disuadir a los estados y las partes que financian, arman, forman y albergan a los terroristas.<\/p>\n<p>A su vez, el Secretario General de las Naciones Unidas hizo hincapi\u00e9 en la necesidad de la aplicaci\u00f3n de las resoluciones del Consejo de Seguridad y llegar a una soluci\u00f3n pol\u00edtica que responda a las aspiraciones del pueblo sirio.<\/p>\n<p>Asimismo, esper\u00f3 responder a la propuesta de Mistura y seguir cooperando con \u00e9l.<\/p>\n<p>Fady M., Lynn A.<\/p>\n","protected":false},"excerpt":{"rendered":"<p>Nueva York, SANA El Viceprimer Ministro y Ministro de Exteriores y Expatriados, Walid al-Moallem, se reuni\u00f3 al margen de la 70\u00aa sesi\u00f3n de la Asamblea General de las Naciones Unidas en Nueva York, con su hom\u00f3logo iran\u00ed Mohammad Javad Zarif. Las conversaciones entre ambos cancilleres se centraron en la situaci\u00f3n en la regi\u00f3n, particularmente en &hellip;<\/p>\n","protected":false},"author":24,"featured_media":30981,"comment_status":"closed","ping_status":"closed","sticky":false,"template":"","format":"standard","meta":{"footnotes":""},"categories":[456,457,576],"tags":[6883],"class_list":["post-30971","post","type-post","status-publish","format-standard","has-post-thumbnail","","category-arabe-internacional-politica","category-noticias-arabe-internacional-politica","category-noticias-politicas","tag-al-moallem-se-reune-con-su-homologo-irani-y-con-el-secretario-general-de-las-naciones-unidas"],"_links":{"self":[{"href":"https:\/\/archive.sana.sy\/es\/index.php?rest_route=\/wp\/v2\/posts\/30971"}],"collection":[{"href":"https:\/\/archive.sana.sy\/es\/index.php?rest_route=\/wp\/v2\/posts"}],"about":[{"href":"https:\/\/archive.sana.sy\/es\/index.php?rest_route=\/wp\/v2\/types\/post"}],"author":[{"embeddable":true,"href":"https:\/\/archive.sana.sy\/es\/index.php?rest_route=\/wp\/v2\/users\/24"}],"replies":[{"embeddable":true,"href":"https:\/\/archive.sana.sy\/es\/index.php?rest_route=%2Fwp%2Fv2%2Fcomments&post=30971"}],"version-history":[{"count":0,"href":"https:\/\/archive.sana.sy\/es\/index.php?rest_route=\/wp\/v2\/posts\/30971\/revisions"}],"wp:featuredmedia":[{"embeddable":true,"href":"https:\/\/archive.sana.sy\/es\/index.php?rest_route=\/wp\/v2\/media\/30981"}],"wp:attachment":[{"href":"https:\/\/archive.sana.sy\/es\/index.php?rest_route=%2Fwp%2Fv2%2Fmedia&parent=30971"}],"wp:term":[{"taxonomy":"category","embeddable":true,"href":"https:\/\/archive.sana.sy\/es\/index.php?rest_route=%2Fwp%2Fv2%2Fcategories&post=30971"},{"taxonomy":"post_tag","embeddable":true,"href":"https:\/\/archive.sana.sy\/es\/index.php?rest_route=%2Fwp%2Fv2%2Ftags&post=30971"}],"curies":[{"name":"wp","href":"https:\/\/api.w.org\/{rel}","templated":true}]}}