{"id":309711,"date":"2023-09-26T13:48:36","date_gmt":"2023-09-26T10:48:36","guid":{"rendered":"http:\/\/sana.sy\/es\/?p=309711"},"modified":"2023-09-26T13:48:36","modified_gmt":"2023-09-26T10:48:36","slug":"fuerzas-ucranianas-sufrieron-al-menos-17-000-bajas-y-ucrania-va-hacia-la-autodestruccion-afirma-shoigu","status":"publish","type":"post","link":"https:\/\/archive.sana.sy\/es\/?p=309711","title":{"rendered":"Fuerzas ucranianas sufrieron al menos 17.000 bajas y Ucrania va hacia la autodestrucci\u00f3n, afirma Shoig\u00fa"},"content":{"rendered":"<p style=\"text-align: justify;\"><span style=\"color: #800000;\"><strong>Mosc\u00fa, 26 sep (SANA)<\/strong><\/span> Las p\u00e9rdidas de las fuerzas ucranianas en septiembre ascendieron a m\u00e1s de 17.000 soldados y m\u00e1s de 2.700 unidades de armas y equipo militar.<\/p>\n<p style=\"text-align: justify;\">Esto fue confirmado por el ministro de Defensa ruso, Sergu\u00e9i Shoig\u00fa, quien precis\u00f3 que entre los veh\u00edculos destruidos, hay 7 veh\u00edculos de combate de infanter\u00eda Bradley, 2 tanques Leopard alemanes y 1 Challenger brit\u00e1nico.<\/p>\n<p style=\"text-align: justify;\">El titular asegur\u00f3 que EEUU y sus aliados contin\u00faan armando a las Fuerzas Armadas de Ucrania, mientras Kiev lanza soldados no entrenados a asaltos sin sentido, lo cual empuja a Ucrania a la autodestrucci\u00f3n.<\/p>\n<p style=\"text-align: justify;\">Por otro lado, el vocero del presidente ruso, Dmitri Peskov, dijo que el suministro de misiles de largo alcance a Ucrania por EEUU contin\u00faa aumentando su participaci\u00f3n en el conflicto, mientras que el Ej\u00e9rcito ruso est\u00e1 mejorando sus habilidades para derribarlos.<\/p>\n<p style=\"text-align: justify;\">&#8220;Estos tambi\u00e9n arder\u00e1n&#8221;, agreg\u00f3 Peskov con relaci\u00f3n al suministro de tanques Abrams a Ucrania.<\/p>\n<p style=\"text-align: justify;\">Reiter\u00f3 que los suministros de armas occidentales a Kiev &#8220;no afectar\u00e1 de ning\u00fan modo la esencia y el resultado de la operaci\u00f3n militar especial&#8221;.<\/p>\n<p style=\"text-align: justify;\">fm\/ed<\/p>\n","protected":false},"excerpt":{"rendered":"<p>Mosc\u00fa, 26 sep (SANA) Las p\u00e9rdidas de las fuerzas ucranianas en septiembre ascendieron a m\u00e1s de 17.000 soldados y m\u00e1s de 2.700 unidades de armas y equipo militar. Esto fue confirmado por el ministro de Defensa ruso, Sergu\u00e9i Shoig\u00fa, quien precis\u00f3 que entre los veh\u00edculos destruidos, hay 7 veh\u00edculos de combate de infanter\u00eda Bradley, 2 &hellip;<\/p>\n","protected":false},"author":32,"featured_media":309712,"comment_status":"closed","ping_status":"closed","sticky":false,"template":"","format":"standard","meta":{"footnotes":""},"categories":[597,456,16687,20724,583],"tags":[],"class_list":["post-309711","post","type-post","status-publish","format-standard","has-post-thumbnail","","category-cinta-de-noticias","category-arabe-internacional-politica","category-internacionales","category-minuto-a-minuto","category-slide"],"_links":{"self":[{"href":"https:\/\/archive.sana.sy\/es\/index.php?rest_route=\/wp\/v2\/posts\/309711"}],"collection":[{"href":"https:\/\/archive.sana.sy\/es\/index.php?rest_route=\/wp\/v2\/posts"}],"about":[{"href":"https:\/\/archive.sana.sy\/es\/index.php?rest_route=\/wp\/v2\/types\/post"}],"author":[{"embeddable":true,"href":"https:\/\/archive.sana.sy\/es\/index.php?rest_route=\/wp\/v2\/users\/32"}],"replies":[{"embeddable":true,"href":"https:\/\/archive.sana.sy\/es\/index.php?rest_route=%2Fwp%2Fv2%2Fcomments&post=309711"}],"version-history":[{"count":1,"href":"https:\/\/archive.sana.sy\/es\/index.php?rest_route=\/wp\/v2\/posts\/309711\/revisions"}],"predecessor-version":[{"id":309713,"href":"https:\/\/archive.sana.sy\/es\/index.php?rest_route=\/wp\/v2\/posts\/309711\/revisions\/309713"}],"wp:featuredmedia":[{"embeddable":true,"href":"https:\/\/archive.sana.sy\/es\/index.php?rest_route=\/wp\/v2\/media\/309712"}],"wp:attachment":[{"href":"https:\/\/archive.sana.sy\/es\/index.php?rest_route=%2Fwp%2Fv2%2Fmedia&parent=309711"}],"wp:term":[{"taxonomy":"category","embeddable":true,"href":"https:\/\/archive.sana.sy\/es\/index.php?rest_route=%2Fwp%2Fv2%2Fcategories&post=309711"},{"taxonomy":"post_tag","embeddable":true,"href":"https:\/\/archive.sana.sy\/es\/index.php?rest_route=%2Fwp%2Fv2%2Ftags&post=309711"}],"curies":[{"name":"wp","href":"https:\/\/api.w.org\/{rel}","templated":true}]}}