{"id":309721,"date":"2023-09-26T14:37:46","date_gmt":"2023-09-26T11:37:46","guid":{"rendered":"http:\/\/sana.sy\/es\/?p=309721"},"modified":"2023-09-26T14:37:46","modified_gmt":"2023-09-26T11:37:46","slug":"encuesta-de-opinion-revelan-el-descontento-de-los-estadounidenses-con-la-administracion-biden","status":"publish","type":"post","link":"https:\/\/archive.sana.sy\/es\/?p=309721","title":{"rendered":"Encuesta de opini\u00f3n revelan el descontento de los estadounidenses con la administraci\u00f3n Biden"},"content":{"rendered":"<blockquote>\n<p style=\"text-align: justify;\"><span style=\"color: #993300;\">\u00a0El 74 por ciento de los votantes est\u00e1n preocupados y consideran que Biden no tiene la capacidad mental y f\u00edsica necesaria para ser presidente de Estados Unidos.<\/span><\/p>\n<\/blockquote>\n<p style=\"text-align: justify;\">\n<span style=\"color: #800000;\"><strong>Washington, 26 sep (SANA)<\/strong> <\/span>Nuevas encuestas de opini\u00f3n revelaron que los estadounidenses est\u00e1n descontentos con la actual administraci\u00f3n de su presidente Joe Biden, donde la tasa de insatisfacci\u00f3n con su gesti\u00f3n alcanz\u00f3 el nivel m\u00e1s alto durante su presidencia.<\/p>\n<p style=\"text-align: justify;\">Seg\u00fan una encuesta publicada por el peri\u00f3dico estadounidense The Hil, el \u00edndice de desaprobaci\u00f3n de Biden aument\u00f3 a 56 por ciento entre los estadounidense, mientras el apoyo a Biden cay\u00f3 entre los votantes de entre 18 y 24 a\u00f1os.<\/p>\n<p style=\"text-align: justify;\">El sondeo mostr\u00f3 el aumento del n\u00famero de votantes que expresan preocupaci\u00f3n por Biden y tambi\u00e9n por su rival, el exmandatario Donald Trump.<\/p>\n<p style=\"text-align: justify;\">El 74 por ciento de los votantes est\u00e1n preocupados y consideran que Biden no tiene la capacidad mental y f\u00edsica necesaria para ser presidente de Estados Unidos.<\/p>\n<p style=\"text-align: justify;\">ed\/fm<\/p>\n","protected":false},"excerpt":{"rendered":"<p>\u00a0El 74 por ciento de los votantes est\u00e1n preocupados y consideran que Biden no tiene la capacidad mental y f\u00edsica necesaria para ser presidente de Estados Unidos. Washington, 26 sep (SANA) Nuevas encuestas de opini\u00f3n revelaron que los estadounidenses est\u00e1n descontentos con la actual administraci\u00f3n de su presidente Joe Biden, donde la tasa de insatisfacci\u00f3n &hellip;<\/p>\n","protected":false},"author":32,"featured_media":309722,"comment_status":"closed","ping_status":"closed","sticky":false,"template":"","format":"standard","meta":{"footnotes":""},"categories":[597,456,20724,7541],"tags":[],"class_list":["post-309721","post","type-post","status-publish","format-standard","has-post-thumbnail","","category-cinta-de-noticias","category-arabe-internacional-politica","category-minuto-a-minuto","category-ultimas-noticias"],"_links":{"self":[{"href":"https:\/\/archive.sana.sy\/es\/index.php?rest_route=\/wp\/v2\/posts\/309721"}],"collection":[{"href":"https:\/\/archive.sana.sy\/es\/index.php?rest_route=\/wp\/v2\/posts"}],"about":[{"href":"https:\/\/archive.sana.sy\/es\/index.php?rest_route=\/wp\/v2\/types\/post"}],"author":[{"embeddable":true,"href":"https:\/\/archive.sana.sy\/es\/index.php?rest_route=\/wp\/v2\/users\/32"}],"replies":[{"embeddable":true,"href":"https:\/\/archive.sana.sy\/es\/index.php?rest_route=%2Fwp%2Fv2%2Fcomments&post=309721"}],"version-history":[{"count":1,"href":"https:\/\/archive.sana.sy\/es\/index.php?rest_route=\/wp\/v2\/posts\/309721\/revisions"}],"predecessor-version":[{"id":309723,"href":"https:\/\/archive.sana.sy\/es\/index.php?rest_route=\/wp\/v2\/posts\/309721\/revisions\/309723"}],"wp:featuredmedia":[{"embeddable":true,"href":"https:\/\/archive.sana.sy\/es\/index.php?rest_route=\/wp\/v2\/media\/309722"}],"wp:attachment":[{"href":"https:\/\/archive.sana.sy\/es\/index.php?rest_route=%2Fwp%2Fv2%2Fmedia&parent=309721"}],"wp:term":[{"taxonomy":"category","embeddable":true,"href":"https:\/\/archive.sana.sy\/es\/index.php?rest_route=%2Fwp%2Fv2%2Fcategories&post=309721"},{"taxonomy":"post_tag","embeddable":true,"href":"https:\/\/archive.sana.sy\/es\/index.php?rest_route=%2Fwp%2Fv2%2Ftags&post=309721"}],"curies":[{"name":"wp","href":"https:\/\/api.w.org\/{rel}","templated":true}]}}