{"id":309724,"date":"2023-09-26T14:51:26","date_gmt":"2023-09-26T11:51:26","guid":{"rendered":"http:\/\/sana.sy\/es\/?p=309724"},"modified":"2023-09-26T14:51:26","modified_gmt":"2023-09-26T11:51:26","slug":"un-oficial-de-las-fuerzas-sirias-de-seguridad-cae-martir-en-hasakeh","status":"publish","type":"post","link":"https:\/\/archive.sana.sy\/es\/?p=309724","title":{"rendered":"Un oficial de las fuerzas sirias de seguridad cae m\u00e1rtir en Hasakeh"},"content":{"rendered":"<p style=\"text-align: justify;\"><span style=\"color: #800000;\"><strong>Damasco, 26 sep (SANA)<\/strong><\/span> Un oficial de la Unidad de Tareas Especiales de las Fuerzas de Seguridad perdi\u00f3 la vida hoy tras haber sufrido lesiones mientras cumpl\u00eda su deber nacional.<\/p>\n<p style=\"text-align: justify;\">El Ministerio del Interior declar\u00f3 que el mayor Ali Jawdat Deeb, falleci\u00f3 tras recibir heridas durante el cumplimiento de su deber patri\u00f3tico en la provincia de Hasakeh, a unos 700 kil\u00f3metros al nordeste de la capital Damasco.<\/p>\n<p style=\"text-align: justify;\">fm\/ed<\/p>\n","protected":false},"excerpt":{"rendered":"<p>Damasco, 26 sep (SANA) Un oficial de la Unidad de Tareas Especiales de las Fuerzas de Seguridad perdi\u00f3 la vida hoy tras haber sufrido lesiones mientras cumpl\u00eda su deber nacional. El Ministerio del Interior declar\u00f3 que el mayor Ali Jawdat Deeb, falleci\u00f3 tras recibir heridas durante el cumplimiento de su deber patri\u00f3tico en la provincia &hellip;<\/p>\n","protected":false},"author":32,"featured_media":309725,"comment_status":"closed","ping_status":"closed","sticky":false,"template":"","format":"standard","meta":{"footnotes":""},"categories":[477,597,573,20724,476,7541],"tags":[],"class_list":["post-309724","post","type-post","status-publish","format-standard","has-post-thumbnail","","category-noticias-edulcorantes","category-cinta-de-noticias","category-la-realidad-de-los-acontecimientos-en-siria","category-minuto-a-minuto","category-locales","category-ultimas-noticias"],"_links":{"self":[{"href":"https:\/\/archive.sana.sy\/es\/index.php?rest_route=\/wp\/v2\/posts\/309724"}],"collection":[{"href":"https:\/\/archive.sana.sy\/es\/index.php?rest_route=\/wp\/v2\/posts"}],"about":[{"href":"https:\/\/archive.sana.sy\/es\/index.php?rest_route=\/wp\/v2\/types\/post"}],"author":[{"embeddable":true,"href":"https:\/\/archive.sana.sy\/es\/index.php?rest_route=\/wp\/v2\/users\/32"}],"replies":[{"embeddable":true,"href":"https:\/\/archive.sana.sy\/es\/index.php?rest_route=%2Fwp%2Fv2%2Fcomments&post=309724"}],"version-history":[{"count":1,"href":"https:\/\/archive.sana.sy\/es\/index.php?rest_route=\/wp\/v2\/posts\/309724\/revisions"}],"predecessor-version":[{"id":309726,"href":"https:\/\/archive.sana.sy\/es\/index.php?rest_route=\/wp\/v2\/posts\/309724\/revisions\/309726"}],"wp:featuredmedia":[{"embeddable":true,"href":"https:\/\/archive.sana.sy\/es\/index.php?rest_route=\/wp\/v2\/media\/309725"}],"wp:attachment":[{"href":"https:\/\/archive.sana.sy\/es\/index.php?rest_route=%2Fwp%2Fv2%2Fmedia&parent=309724"}],"wp:term":[{"taxonomy":"category","embeddable":true,"href":"https:\/\/archive.sana.sy\/es\/index.php?rest_route=%2Fwp%2Fv2%2Fcategories&post=309724"},{"taxonomy":"post_tag","embeddable":true,"href":"https:\/\/archive.sana.sy\/es\/index.php?rest_route=%2Fwp%2Fv2%2Ftags&post=309724"}],"curies":[{"name":"wp","href":"https:\/\/api.w.org\/{rel}","templated":true}]}}