{"id":309730,"date":"2023-09-26T06:34:55","date_gmt":"2023-09-26T03:34:55","guid":{"rendered":"http:\/\/sana.sy\/es\/?p=309730"},"modified":"2023-09-26T16:04:48","modified_gmt":"2023-09-26T13:04:48","slug":"niger-solicita-a-francia-calendario-para-retirada-de-tropas","status":"publish","type":"post","link":"https:\/\/archive.sana.sy\/es\/?p=309730","title":{"rendered":"N\u00edger solicita a Francia calendario para retirada de tropas"},"content":{"rendered":"<p style=\"text-align: justify;\"><span style=\"color: #800000;\"><strong>Niamey, 26 sep (SANA)<\/strong> <\/span>El gobierno de N\u00edger solicit\u00f3 a Francia negociar un calendario para la retirada de sus tropas.<\/p>\n<p>Recientemente, las autoridades nigerinas calificaron como un momento hist\u00f3rico la retirada de las tropas y del embajador franc\u00e9s del pa\u00eds, y se\u00f1alaron que la noticia constitu\u00eda un nuevo paso hacia la soberan\u00eda de la naci\u00f3n.<\/p>\n<p style=\"text-align: justify;\">Seg\u00fan se inform\u00f3, las tropas francesas y el jefe de la legaci\u00f3n abandonar\u00e1n suelo nigerino a finales de a\u00f1o.<\/p>\n<p style=\"text-align: justify;\">A principios del presente mes, el primer ministro designado por la junta militar, Mahamane Lamine Zeine, record\u00f3 que el nuevo gobierno anul\u00f3 los acuerdos de cooperaci\u00f3n de seguridad y defensa con Par\u00eds, por lo que las tropas galas que se encuentran en esa naci\u00f3n, unos mil 500 efectivos, se deb\u00edan marchar.<\/p>\n<p style=\"text-align: justify;\">En cuanto al embajador franc\u00e9s, Sylvain Itt\u00e9, a quien se le retir\u00f3 su inmunidad diplom\u00e1tica, Zeine dijo que no mantuvo un comportamiento adecuado como diplom\u00e1tico y se solicit\u00f3 que abandone el pa\u00eds lo antes posible.<\/p>\n<p style=\"text-align: justify;\">fm\/ed<\/p>\n","protected":false},"excerpt":{"rendered":"<p>Niamey, 26 sep (SANA) El gobierno de N\u00edger solicit\u00f3 a Francia negociar un calendario para la retirada de sus tropas. Recientemente, las autoridades nigerinas calificaron como un momento hist\u00f3rico la retirada de las tropas y del embajador franc\u00e9s del pa\u00eds, y se\u00f1alaron que la noticia constitu\u00eda un nuevo paso hacia la soberan\u00eda de la naci\u00f3n. &hellip;<\/p>\n","protected":false},"author":32,"featured_media":309731,"comment_status":"closed","ping_status":"closed","sticky":false,"template":"","format":"standard","meta":{"footnotes":""},"categories":[597,456,20724,583],"tags":[],"class_list":["post-309730","post","type-post","status-publish","format-standard","has-post-thumbnail","","category-cinta-de-noticias","category-arabe-internacional-politica","category-minuto-a-minuto","category-slide"],"_links":{"self":[{"href":"https:\/\/archive.sana.sy\/es\/index.php?rest_route=\/wp\/v2\/posts\/309730"}],"collection":[{"href":"https:\/\/archive.sana.sy\/es\/index.php?rest_route=\/wp\/v2\/posts"}],"about":[{"href":"https:\/\/archive.sana.sy\/es\/index.php?rest_route=\/wp\/v2\/types\/post"}],"author":[{"embeddable":true,"href":"https:\/\/archive.sana.sy\/es\/index.php?rest_route=\/wp\/v2\/users\/32"}],"replies":[{"embeddable":true,"href":"https:\/\/archive.sana.sy\/es\/index.php?rest_route=%2Fwp%2Fv2%2Fcomments&post=309730"}],"version-history":[{"count":2,"href":"https:\/\/archive.sana.sy\/es\/index.php?rest_route=\/wp\/v2\/posts\/309730\/revisions"}],"predecessor-version":[{"id":309733,"href":"https:\/\/archive.sana.sy\/es\/index.php?rest_route=\/wp\/v2\/posts\/309730\/revisions\/309733"}],"wp:featuredmedia":[{"embeddable":true,"href":"https:\/\/archive.sana.sy\/es\/index.php?rest_route=\/wp\/v2\/media\/309731"}],"wp:attachment":[{"href":"https:\/\/archive.sana.sy\/es\/index.php?rest_route=%2Fwp%2Fv2%2Fmedia&parent=309730"}],"wp:term":[{"taxonomy":"category","embeddable":true,"href":"https:\/\/archive.sana.sy\/es\/index.php?rest_route=%2Fwp%2Fv2%2Fcategories&post=309730"},{"taxonomy":"post_tag","embeddable":true,"href":"https:\/\/archive.sana.sy\/es\/index.php?rest_route=%2Fwp%2Fv2%2Ftags&post=309730"}],"curies":[{"name":"wp","href":"https:\/\/api.w.org\/{rel}","templated":true}]}}