{"id":30978,"date":"2015-10-03T13:26:01","date_gmt":"2015-10-03T10:26:01","guid":{"rendered":"http:\/\/sana.sy\/es\/?p=30978"},"modified":"2015-10-03T13:26:01","modified_gmt":"2015-10-03T10:26:01","slug":"rajoy-hay-que-aliarse-con-la-dirigencia-siria-en-la-lucha-contra-el-ei","status":"publish","type":"post","link":"https:\/\/archive.sana.sy\/es\/?p=30978","title":{"rendered":"Rajoy: hay que aliarse con la dirigencia siria en la lucha contra el EI"},"content":{"rendered":"<p><span style=\"color: #800000\">Madrid, SANA<\/span><\/p>\n<p>El primer ministro espa\u00f1ol, Mariano Rajoy, dijo que \u201chay aliarse con la dirigencia siria en la lucha contra la organizaci\u00f3n terrorista del Estado Isl\u00e1mico (EI)\u201d.<\/p>\n<p>En una entrevista televisiva con el canal espa\u00f1ol (Antena 3), Rajoy destac\u00f3 la necesidad de tratar con el presidente Bashar al-Assad como &#8220;un aliado esencial\u201d y hay que coordinar con \u00e9l en el enfrentamiento a las organizaciones terroristas armadas y en la eliminaci\u00f3n de la organizaci\u00f3n terrorista del (EI), se\u00f1alando que el primer enemigo com\u00fan es el (EI).<\/p>\n<p>El presidente del Gobierno espa\u00f1ol expres\u00f3 la esperanza de que las reuniones entre el ministro de Exteriores ruso, Sergei Lavrov, y de Estados Unidos, John Kerry, y el resto de las partes europeas terminen con resultados \u00fatiles y positivos con respecto a los ataques a\u00e9reos contra la organizaci\u00f3n del EI.<\/p>\n<p>Fady M., Lynn A.<\/p>\n","protected":false},"excerpt":{"rendered":"<p>Madrid, SANA El primer ministro espa\u00f1ol, Mariano Rajoy, dijo que \u201chay aliarse con la dirigencia siria en la lucha contra la organizaci\u00f3n terrorista del Estado Isl\u00e1mico (EI)\u201d. En una entrevista televisiva con el canal espa\u00f1ol (Antena 3), Rajoy destac\u00f3 la necesidad de tratar con el presidente Bashar al-Assad como &#8220;un aliado esencial\u201d y hay que &hellip;<\/p>\n","protected":false},"author":24,"featured_media":30979,"comment_status":"closed","ping_status":"closed","sticky":false,"template":"","format":"standard","meta":{"footnotes":""},"categories":[456,457,576],"tags":[6886],"class_list":["post-30978","post","type-post","status-publish","format-standard","has-post-thumbnail","","category-arabe-internacional-politica","category-noticias-arabe-internacional-politica","category-noticias-politicas","tag-rajoy-hay-que-aliarse-con-la-dirigencia-siria-en-la-lucha-contra-el-ei"],"_links":{"self":[{"href":"https:\/\/archive.sana.sy\/es\/index.php?rest_route=\/wp\/v2\/posts\/30978"}],"collection":[{"href":"https:\/\/archive.sana.sy\/es\/index.php?rest_route=\/wp\/v2\/posts"}],"about":[{"href":"https:\/\/archive.sana.sy\/es\/index.php?rest_route=\/wp\/v2\/types\/post"}],"author":[{"embeddable":true,"href":"https:\/\/archive.sana.sy\/es\/index.php?rest_route=\/wp\/v2\/users\/24"}],"replies":[{"embeddable":true,"href":"https:\/\/archive.sana.sy\/es\/index.php?rest_route=%2Fwp%2Fv2%2Fcomments&post=30978"}],"version-history":[{"count":0,"href":"https:\/\/archive.sana.sy\/es\/index.php?rest_route=\/wp\/v2\/posts\/30978\/revisions"}],"wp:featuredmedia":[{"embeddable":true,"href":"https:\/\/archive.sana.sy\/es\/index.php?rest_route=\/wp\/v2\/media\/30979"}],"wp:attachment":[{"href":"https:\/\/archive.sana.sy\/es\/index.php?rest_route=%2Fwp%2Fv2%2Fmedia&parent=30978"}],"wp:term":[{"taxonomy":"category","embeddable":true,"href":"https:\/\/archive.sana.sy\/es\/index.php?rest_route=%2Fwp%2Fv2%2Fcategories&post=30978"},{"taxonomy":"post_tag","embeddable":true,"href":"https:\/\/archive.sana.sy\/es\/index.php?rest_route=%2Fwp%2Fv2%2Ftags&post=30978"}],"curies":[{"name":"wp","href":"https:\/\/api.w.org\/{rel}","templated":true}]}}