{"id":309804,"date":"2023-09-27T15:37:34","date_gmt":"2023-09-27T12:37:34","guid":{"rendered":"http:\/\/sana.sy\/es\/?p=309804"},"modified":"2023-09-27T15:37:34","modified_gmt":"2023-09-27T12:37:34","slug":"convoy-estadounidense-expulsado-por-militares-sirios","status":"publish","type":"post","link":"https:\/\/archive.sana.sy\/es\/?p=309804","title":{"rendered":"Convoy estadounidense expulsado por militares sirios"},"content":{"rendered":"<blockquote>\n<p style=\"text-align: justify;\"><span style=\"color: #993300;\">Seg\u00fan comunicaron activistas locales a la televisi\u00f3n nacional Al-Suriya TV, el hecho ocurri\u00f3 en el poblado de Um Al-Khair en el \u00e1rea de Tel Tamer en el noroeste de la provincia de Hasakeh, ubicada a unos 600 kil\u00f3metros al nordeste de esta capital.<\/span><\/p>\n<\/blockquote>\n<p style=\"text-align: justify;\"><span style=\"color: #800000;\"><strong>Damasco, 27 sep (SANA)<\/strong> <\/span>Los militares en uno de los puntos de control del ej{ercito sirio en el nordeste del pa\u00eds frenaron hoy el avance de una caravana militar de las fuerzas de Estados Unidos presentes en Siria sin el consentimiento del gobierno ni la aprobaci\u00f3n de las Naciones Unidas.<\/p>\n<p style=\"text-align: justify;\">Seg\u00fan comunicaron activistas locales a la televisi\u00f3n nacional Al-Suriya TV, el hecho ocurri\u00f3 en el poblado de Um Al-Khair en el \u00e1rea de Tel Tamer en el noroeste de la provincia de Hasakeh, ubicada a unos 600 kil\u00f3metros al nordeste de esta capital.<\/p>\n<p style=\"text-align: justify;\">Detallaron que la columna estaba conformada por cuatro blindados y protegida por dos helic\u00f3pteros, e intent\u00f3 cruzar por el poblado pero los regulares la impidieron.<\/p>\n<p style=\"text-align: justify;\">Los militares estadounidenses tuvieron que dar marcha atr\u00e1s y buscar otro camino para llegar a sus bases ilegales dispersas en varias zonas de la referida provincia, rica en petr\u00f3leo y gas, agregaron.<\/p>\n<p style=\"text-align: justify;\">El gobierno de Damasco denunci\u00f3 repetidamente la presencia ilegal de las tropas norteamericanas, la cual calific\u00f3 de ocupaci\u00f3n, y asegur\u00f3 que las acciones del Pent\u00e1gono en Siria incentivan la actividad terrorista y apuntan a desestabilizar el pa\u00eds y saquear sus riquezas.<\/p>\n<p style=\"text-align: justify;\">fm\/as<\/p>\n","protected":false},"excerpt":{"rendered":"<p>Seg\u00fan comunicaron activistas locales a la televisi\u00f3n nacional Al-Suriya TV, el hecho ocurri\u00f3 en el poblado de Um Al-Khair en el \u00e1rea de Tel Tamer en el noroeste de la provincia de Hasakeh, ubicada a unos 600 kil\u00f3metros al nordeste de esta capital. Damasco, 27 sep (SANA) Los militares en uno de los puntos de &hellip;<\/p>\n","protected":false},"author":42,"featured_media":309805,"comment_status":"closed","ping_status":"closed","sticky":false,"template":"","format":"standard","meta":{"footnotes":""},"categories":[597,20724,476,583],"tags":[],"class_list":["post-309804","post","type-post","status-publish","format-standard","has-post-thumbnail","","category-cinta-de-noticias","category-minuto-a-minuto","category-locales","category-slide"],"_links":{"self":[{"href":"https:\/\/archive.sana.sy\/es\/index.php?rest_route=\/wp\/v2\/posts\/309804"}],"collection":[{"href":"https:\/\/archive.sana.sy\/es\/index.php?rest_route=\/wp\/v2\/posts"}],"about":[{"href":"https:\/\/archive.sana.sy\/es\/index.php?rest_route=\/wp\/v2\/types\/post"}],"author":[{"embeddable":true,"href":"https:\/\/archive.sana.sy\/es\/index.php?rest_route=\/wp\/v2\/users\/42"}],"replies":[{"embeddable":true,"href":"https:\/\/archive.sana.sy\/es\/index.php?rest_route=%2Fwp%2Fv2%2Fcomments&post=309804"}],"version-history":[{"count":1,"href":"https:\/\/archive.sana.sy\/es\/index.php?rest_route=\/wp\/v2\/posts\/309804\/revisions"}],"predecessor-version":[{"id":309806,"href":"https:\/\/archive.sana.sy\/es\/index.php?rest_route=\/wp\/v2\/posts\/309804\/revisions\/309806"}],"wp:featuredmedia":[{"embeddable":true,"href":"https:\/\/archive.sana.sy\/es\/index.php?rest_route=\/wp\/v2\/media\/309805"}],"wp:attachment":[{"href":"https:\/\/archive.sana.sy\/es\/index.php?rest_route=%2Fwp%2Fv2%2Fmedia&parent=309804"}],"wp:term":[{"taxonomy":"category","embeddable":true,"href":"https:\/\/archive.sana.sy\/es\/index.php?rest_route=%2Fwp%2Fv2%2Fcategories&post=309804"},{"taxonomy":"post_tag","embeddable":true,"href":"https:\/\/archive.sana.sy\/es\/index.php?rest_route=%2Fwp%2Fv2%2Ftags&post=309804"}],"curies":[{"name":"wp","href":"https:\/\/api.w.org\/{rel}","templated":true}]}}