{"id":309839,"date":"2023-09-28T08:35:32","date_gmt":"2023-09-28T05:35:32","guid":{"rendered":"http:\/\/sana.sy\/es\/?p=309839"},"modified":"2023-09-28T15:01:51","modified_gmt":"2023-09-28T12:01:51","slug":"empresas-de-14-paises-participan-en-la-feria-de-reconstruccion-rebuild-syria-2023","status":"publish","type":"post","link":"https:\/\/archive.sana.sy\/es\/?p=309839","title":{"rendered":"Empresas de 14 pa\u00edses participan en la Feria de Reconstrucci\u00f3n Rebuild-Syria 2023"},"content":{"rendered":"<p style=\"text-align: justify;\"><span style=\"color: #800000;\"><strong>\u00a0Damasco, 28 sep (SANA)<\/strong><\/span> Con la participaci\u00f3n de 183 empresas de 14 pa\u00edses \u00e1rabes y extranjeros, comenz\u00f3 la octava edici\u00f3n de la Feria de Reconstrucci\u00f3n \u201cRebuild-Syria 2023\u201d que organiza la Empresa Al-Bashek en coordinaci\u00f3n con el Ministerio de Obras P\u00fablicas y Vivienda.<\/p>\n<p style=\"text-align: justify;\">En declaraciones a los periodistas, el ministro de Obras P\u00fablicas y Vivienda, Suhail Abdel Latif, dijo que la realizaci\u00f3n de tales eventos en el \u00e1mbito de la reconstrucci\u00f3n propicia un puente importante entre empresas locales, \u00e1rabes y extranjeras, y una plataforma importante para la comunicaci\u00f3n entre ellos.<\/p>\n<p style=\"text-align: justify;\">El Titular llam\u00f3 a dirigirse hacia el \u201cEste\u201d y desarrollar relaciones con los pa\u00edses que apoyaron a Siria en su lucha contra el terrorismo, y que tengan prioridad en el programa de reconstrucci\u00f3n.<\/p>\n<p style=\"text-align: justify;\">Seg\u00fan el ministro Abdul Latif, los materiales y productos producidos por empresas nacionales de los sectores p\u00fablico y privado especializados en la edificaci\u00f3n y la construcci\u00f3n, adem\u00e1s de los materiales y tecnolog\u00edas modernas proporcionadas por empresas extranjeras amigas, contribuyen a romper el cerco impuesto a Siria.<\/p>\n<p style=\"text-align: justify;\">A su vez, el gerente de la Empresa Al-Bashek, Tamer Yaghi, destac\u00f3 el papel de esta exposici\u00f3n en la reconstrucci\u00f3n y su impacto positivo a nivel social, humanitario y econ\u00f3mico.<\/p>\n<div id='gallery-1' class='gallery galleryid-309839 gallery-columns-1 gallery-size-full'><figure class='gallery-item'>\n\t\t\t<div class='gallery-icon landscape'>\n\t\t\t\t<a href='https:\/\/archive.sana.sy\/es\/wp-content\/uploads\/2023\/09\/photo_2023-09-28_05-31-44.jpg'><img loading=\"lazy\" decoding=\"async\" width=\"1280\" height=\"836\" src=\"https:\/\/archive.sana.sy\/es\/wp-content\/uploads\/2023\/09\/photo_2023-09-28_05-31-44.jpg\" class=\"attachment-full size-full\" alt=\"\" srcset=\"https:\/\/archive.sana.sy\/es\/wp-content\/uploads\/2023\/09\/photo_2023-09-28_05-31-44.jpg 1280w, https:\/\/archive.sana.sy\/es\/wp-content\/uploads\/2023\/09\/photo_2023-09-28_05-31-44-300x196.jpg 300w, https:\/\/archive.sana.sy\/es\/wp-content\/uploads\/2023\/09\/photo_2023-09-28_05-31-44-1024x669.jpg 1024w, https:\/\/archive.sana.sy\/es\/wp-content\/uploads\/2023\/09\/photo_2023-09-28_05-31-44-150x98.jpg 150w, https:\/\/archive.sana.sy\/es\/wp-content\/uploads\/2023\/09\/photo_2023-09-28_05-31-44-768x502.jpg 768w\" sizes=\"(max-width: 1280px) 100vw, 1280px\" \/><\/a>\n\t\t\t<\/div><\/figure><figure class='gallery-item'>\n\t\t\t<div class='gallery-icon landscape'>\n\t\t\t\t<a href='https:\/\/archive.sana.sy\/es\/wp-content\/uploads\/2023\/09\/photo_2023-09-28_05-31-36.jpg'><img loading=\"lazy\" decoding=\"async\" width=\"1280\" height=\"828\" src=\"https:\/\/archive.sana.sy\/es\/wp-content\/uploads\/2023\/09\/photo_2023-09-28_05-31-36.jpg\" class=\"attachment-full size-full\" alt=\"\" srcset=\"https:\/\/archive.sana.sy\/es\/wp-content\/uploads\/2023\/09\/photo_2023-09-28_05-31-36.jpg 1280w, https:\/\/archive.sana.sy\/es\/wp-content\/uploads\/2023\/09\/photo_2023-09-28_05-31-36-300x194.jpg 300w, https:\/\/archive.sana.sy\/es\/wp-content\/uploads\/2023\/09\/photo_2023-09-28_05-31-36-1024x662.jpg 1024w, https:\/\/archive.sana.sy\/es\/wp-content\/uploads\/2023\/09\/photo_2023-09-28_05-31-36-150x97.jpg 150w, https:\/\/archive.sana.sy\/es\/wp-content\/uploads\/2023\/09\/photo_2023-09-28_05-31-36-768x497.jpg 768w\" sizes=\"(max-width: 1280px) 100vw, 1280px\" \/><\/a>\n\t\t\t<\/div><\/figure><figure class='gallery-item'>\n\t\t\t<div class='gallery-icon landscape'>\n\t\t\t\t<a href='https:\/\/archive.sana.sy\/es\/wp-content\/uploads\/2023\/09\/photo_2023-09-28_05-31-50.jpg'><img loading=\"lazy\" decoding=\"async\" width=\"1280\" height=\"795\" src=\"https:\/\/archive.sana.sy\/es\/wp-content\/uploads\/2023\/09\/photo_2023-09-28_05-31-50.jpg\" class=\"attachment-full size-full\" alt=\"\" srcset=\"https:\/\/archive.sana.sy\/es\/wp-content\/uploads\/2023\/09\/photo_2023-09-28_05-31-50.jpg 1280w, https:\/\/archive.sana.sy\/es\/wp-content\/uploads\/2023\/09\/photo_2023-09-28_05-31-50-300x186.jpg 300w, https:\/\/archive.sana.sy\/es\/wp-content\/uploads\/2023\/09\/photo_2023-09-28_05-31-50-1024x636.jpg 1024w, https:\/\/archive.sana.sy\/es\/wp-content\/uploads\/2023\/09\/photo_2023-09-28_05-31-50-150x93.jpg 150w, https:\/\/archive.sana.sy\/es\/wp-content\/uploads\/2023\/09\/photo_2023-09-28_05-31-50-768x477.jpg 768w\" sizes=\"(max-width: 1280px) 100vw, 1280px\" \/><\/a>\n\t\t\t<\/div><\/figure><figure class='gallery-item'>\n\t\t\t<div class='gallery-icon landscape'>\n\t\t\t\t<a href='https:\/\/archive.sana.sy\/es\/wp-content\/uploads\/2023\/09\/Empresas-de-14-paises-participan-en-la-Feria-de-Reconstruccion-Rebuild-Syria-2023-1.jpg'><img loading=\"lazy\" decoding=\"async\" width=\"660\" height=\"330\" src=\"https:\/\/archive.sana.sy\/es\/wp-content\/uploads\/2023\/09\/Empresas-de-14-paises-participan-en-la-Feria-de-Reconstruccion-Rebuild-Syria-2023-1.jpg\" class=\"attachment-full size-full\" alt=\"\" srcset=\"https:\/\/archive.sana.sy\/es\/wp-content\/uploads\/2023\/09\/Empresas-de-14-paises-participan-en-la-Feria-de-Reconstruccion-Rebuild-Syria-2023-1.jpg 660w, https:\/\/archive.sana.sy\/es\/wp-content\/uploads\/2023\/09\/Empresas-de-14-paises-participan-en-la-Feria-de-Reconstruccion-Rebuild-Syria-2023-1-300x150.jpg 300w, https:\/\/archive.sana.sy\/es\/wp-content\/uploads\/2023\/09\/Empresas-de-14-paises-participan-en-la-Feria-de-Reconstruccion-Rebuild-Syria-2023-1-150x75.jpg 150w\" sizes=\"(max-width: 660px) 100vw, 660px\" \/><\/a>\n\t\t\t<\/div><\/figure>\n\t\t<\/div>\n\n<p style=\"text-align: justify;\">fm\/ed<\/p>\n","protected":false},"excerpt":{"rendered":"<p>\u00a0Damasco, 28 sep (SANA) Con la participaci\u00f3n de 183 empresas de 14 pa\u00edses \u00e1rabes y extranjeros, comenz\u00f3 la octava edici\u00f3n de la Feria de Reconstrucci\u00f3n \u201cRebuild-Syria 2023\u201d que organiza la Empresa Al-Bashek en coordinaci\u00f3n con el Ministerio de Obras P\u00fablicas y Vivienda. En declaraciones a los periodistas, el ministro de Obras P\u00fablicas y Vivienda, Suhail &hellip;<\/p>\n","protected":false},"author":32,"featured_media":309840,"comment_status":"closed","ping_status":"closed","sticky":false,"template":"","format":"standard","meta":{"footnotes":""},"categories":[477,620,597,16686,483,485,20724,476,583],"tags":[],"class_list":["post-309839","post","type-post","status-publish","format-standard","has-post-thumbnail","","category-noticias-edulcorantes","category-boletin-economico","category-cinta-de-noticias","category-economia","category-negocios-y-finanzas","category-informes-negocios-y-finanzas","category-minuto-a-minuto","category-locales","category-slide"],"_links":{"self":[{"href":"https:\/\/archive.sana.sy\/es\/index.php?rest_route=\/wp\/v2\/posts\/309839"}],"collection":[{"href":"https:\/\/archive.sana.sy\/es\/index.php?rest_route=\/wp\/v2\/posts"}],"about":[{"href":"https:\/\/archive.sana.sy\/es\/index.php?rest_route=\/wp\/v2\/types\/post"}],"author":[{"embeddable":true,"href":"https:\/\/archive.sana.sy\/es\/index.php?rest_route=\/wp\/v2\/users\/32"}],"replies":[{"embeddable":true,"href":"https:\/\/archive.sana.sy\/es\/index.php?rest_route=%2Fwp%2Fv2%2Fcomments&post=309839"}],"version-history":[{"count":1,"href":"https:\/\/archive.sana.sy\/es\/index.php?rest_route=\/wp\/v2\/posts\/309839\/revisions"}],"predecessor-version":[{"id":309845,"href":"https:\/\/archive.sana.sy\/es\/index.php?rest_route=\/wp\/v2\/posts\/309839\/revisions\/309845"}],"wp:featuredmedia":[{"embeddable":true,"href":"https:\/\/archive.sana.sy\/es\/index.php?rest_route=\/wp\/v2\/media\/309840"}],"wp:attachment":[{"href":"https:\/\/archive.sana.sy\/es\/index.php?rest_route=%2Fwp%2Fv2%2Fmedia&parent=309839"}],"wp:term":[{"taxonomy":"category","embeddable":true,"href":"https:\/\/archive.sana.sy\/es\/index.php?rest_route=%2Fwp%2Fv2%2Fcategories&post=309839"},{"taxonomy":"post_tag","embeddable":true,"href":"https:\/\/archive.sana.sy\/es\/index.php?rest_route=%2Fwp%2Fv2%2Ftags&post=309839"}],"curies":[{"name":"wp","href":"https:\/\/api.w.org\/{rel}","templated":true}]}}