{"id":309846,"date":"2023-09-28T09:45:56","date_gmt":"2023-09-28T06:45:56","guid":{"rendered":"http:\/\/sana.sy\/es\/?p=309846"},"modified":"2023-09-28T09:47:07","modified_gmt":"2023-09-28T06:47:07","slug":"no-existe-propuesta-seria-de-negociacion-con-ucrania-afirma-lavrov","status":"publish","type":"post","link":"https:\/\/archive.sana.sy\/es\/?p=309846","title":{"rendered":"No existe propuesta seria de negociaci\u00f3n con Ucrania, afirma Lavrov"},"content":{"rendered":"<p style=\"text-align: justify;\"><span style=\"color: #800000;\"><strong>Mosc\u00fa, 28 sep (SANA)<\/strong><\/span> El ministro de Asuntos Exteriores de Rusia, Sergu\u00e9i Lavrov, dijo hoy que su pa\u00eds no ve ninguna propuesta seria de parte de Occidente para negociar sobre el conflicto ucraniano.<\/p>\n<p style=\"text-align: justify;\">En entrevista concedida a la agencia de noticias TASS, el jefe de la diplomacia rusa record\u00f3 las visitas de las delegaciones africanas que viajaron a Rusia y abogaron por una soluci\u00f3n pac\u00edfica, as\u00ed como las propuestas de paz de China, Brasil y varios otros pa\u00edses, incluida la Liga de Estados \u00c1rabes.<\/p>\n<p style=\"text-align: justify;\">\u00abTodas estas propuestas fueron dictadas por un deseo sincero de ayudar a llegar a un acuerdo y de pactar un convenio basado en tener en cuenta y eliminar las causas profundas de la situaci\u00f3n actual, y en garantizar la seguridad para todas las partes\u00bb, subray\u00f3 Lavrov.<\/p>\n<p style=\"text-align: justify;\">\u00abAhora Occidente promueve la posibilidad de iniciar negociaciones, al mismo tiempo que declara en voz alta y categ\u00f3ricamente que la \u00fanica base para las negociaciones es la f\u00f3rmula de paz del presidente de Ucrania, Vladimir Zelenski. Aqu\u00ed no hay nada que discutir, esta f\u00f3rmula es un puro ultim\u00e1tum\u00bb, opin\u00f3.<\/p>\n<p style=\"text-align: justify;\">Lavrov alert\u00f3 igualmente que \u00abcuando Occidente comienza a lanzar rumores tan provocativos sobre la posibilidad de una tregua, aparentemente pone a prueba nuestra disposici\u00f3n a aceptar sus condiciones\u201d.<\/p>\n<p style=\"text-align: justify;\">fm\/ed<\/p>\n","protected":false},"excerpt":{"rendered":"<p>Mosc\u00fa, 28 sep (SANA) El ministro de Asuntos Exteriores de Rusia, Sergu\u00e9i Lavrov, dijo hoy que su pa\u00eds no ve ninguna propuesta seria de parte de Occidente para negociar sobre el conflicto ucraniano. En entrevista concedida a la agencia de noticias TASS, el jefe de la diplomacia rusa record\u00f3 las visitas de las delegaciones africanas &hellip;<\/p>\n","protected":false},"author":32,"featured_media":309849,"comment_status":"closed","ping_status":"closed","sticky":false,"template":"","format":"standard","meta":{"footnotes":""},"categories":[597,456,20724,7541],"tags":[],"class_list":["post-309846","post","type-post","status-publish","format-standard","has-post-thumbnail","","category-cinta-de-noticias","category-arabe-internacional-politica","category-minuto-a-minuto","category-ultimas-noticias"],"_links":{"self":[{"href":"https:\/\/archive.sana.sy\/es\/index.php?rest_route=\/wp\/v2\/posts\/309846"}],"collection":[{"href":"https:\/\/archive.sana.sy\/es\/index.php?rest_route=\/wp\/v2\/posts"}],"about":[{"href":"https:\/\/archive.sana.sy\/es\/index.php?rest_route=\/wp\/v2\/types\/post"}],"author":[{"embeddable":true,"href":"https:\/\/archive.sana.sy\/es\/index.php?rest_route=\/wp\/v2\/users\/32"}],"replies":[{"embeddable":true,"href":"https:\/\/archive.sana.sy\/es\/index.php?rest_route=%2Fwp%2Fv2%2Fcomments&post=309846"}],"version-history":[{"count":1,"href":"https:\/\/archive.sana.sy\/es\/index.php?rest_route=\/wp\/v2\/posts\/309846\/revisions"}],"predecessor-version":[{"id":309848,"href":"https:\/\/archive.sana.sy\/es\/index.php?rest_route=\/wp\/v2\/posts\/309846\/revisions\/309848"}],"wp:featuredmedia":[{"embeddable":true,"href":"https:\/\/archive.sana.sy\/es\/index.php?rest_route=\/wp\/v2\/media\/309849"}],"wp:attachment":[{"href":"https:\/\/archive.sana.sy\/es\/index.php?rest_route=%2Fwp%2Fv2%2Fmedia&parent=309846"}],"wp:term":[{"taxonomy":"category","embeddable":true,"href":"https:\/\/archive.sana.sy\/es\/index.php?rest_route=%2Fwp%2Fv2%2Fcategories&post=309846"},{"taxonomy":"post_tag","embeddable":true,"href":"https:\/\/archive.sana.sy\/es\/index.php?rest_route=%2Fwp%2Fv2%2Ftags&post=309846"}],"curies":[{"name":"wp","href":"https:\/\/api.w.org\/{rel}","templated":true}]}}