{"id":309853,"date":"2023-09-28T11:28:03","date_gmt":"2023-09-28T08:28:03","guid":{"rendered":"http:\/\/sana.sy\/es\/?p=309853"},"modified":"2023-09-28T11:28:18","modified_gmt":"2023-09-28T08:28:18","slug":"iran-exige-levantar-sanciones-occidentales-impuestas-a-siria","status":"publish","type":"post","link":"https:\/\/archive.sana.sy\/es\/?p=309853","title":{"rendered":"Ir\u00e1n exige levantar sanciones occidentales impuestas a Siria"},"content":{"rendered":"<p style=\"text-align: justify;\"><span style=\"color: #800000;\"><strong>Nueva York, 28 sep (SANA)<\/strong> <\/span>El representante permanente de Ir\u00e1n ante las Naciones Unidas, Amir Saeed Erwani, pidi\u00f3 el levantamiento de las sanciones occidentales y de las medidas coercitivas unilaterales impuestas a Siria y el fin del saqueo de sus riquezas.<\/p>\n<p style=\"text-align: justify;\">En una reuni\u00f3n del Consejo de Seguridad dedicada a debatir asuntos pol\u00edticos y humanitarios en Siria, Irwani dijo que &#8220;la situaci\u00f3n humanitaria en Siria sigue siendo muy grave y que uno de los desaf\u00edos que enfrenta Siria es la situaci\u00f3n econ\u00f3mica debido a las sanciones unilaterales y la explotaci\u00f3n ilegal de sus recursos&#8221;.<\/p>\n<p style=\"text-align: justify;\">\u201cLa Rep\u00fablica Isl\u00e1mica de Ir\u00e1n cree que la principal soluci\u00f3n a la crisis en Siria pasa por medios pol\u00edticos, porque las medidas militares complican a\u00fan m\u00e1s la situaci\u00f3n\u201d, agreg\u00f3 Erwani.<\/p>\n<p style=\"text-align: justify;\">Se\u00f1al\u00f3 que el papel de las Naciones Unidas en Siria debe ser de apoyo, y afirm\u00f3 que todas las operaciones deben estar bajo el liderazgo y la propiedad de este pa\u00eds.<\/p>\n<p style=\"text-align: justify;\">La presencia continua de grupos terroristas constituye una grave amenaza a la seguridad de Siria y los pa\u00edses vecinos, y es necesario subrayar que la guerra contra el terrorismo no debe utilizarse como pretexto para violar la soberan\u00eda y la integridad territorial de Siria, explic\u00f3 el Titular iran\u00ed.<\/p>\n<p style=\"text-align: justify;\">\u201cLa presencia ilegal de fuerzas militares extranjeras en Siria s\u00f3lo conduce a una mayor inestabilidad en este pa\u00eds y en la regi\u00f3n, y condenamos los continuos ataques del ocupante israel\u00ed en territorio sirio\u201d, afirm\u00f3 Erwani.<\/p>\n<p>ed\/fm<\/p>\n<p style=\"text-align: justify;\">\n","protected":false},"excerpt":{"rendered":"<p>Nueva York, 28 sep (SANA) El representante permanente de Ir\u00e1n ante las Naciones Unidas, Amir Saeed Erwani, pidi\u00f3 el levantamiento de las sanciones occidentales y de las medidas coercitivas unilaterales impuestas a Siria y el fin del saqueo de sus riquezas. En una reuni\u00f3n del Consejo de Seguridad dedicada a debatir asuntos pol\u00edticos y humanitarios &hellip;<\/p>\n","protected":false},"author":32,"featured_media":309854,"comment_status":"closed","ping_status":"closed","sticky":false,"template":"","format":"standard","meta":{"footnotes":""},"categories":[597,20724,467,7541],"tags":[],"class_list":["post-309853","post","type-post","status-publish","format-standard","has-post-thumbnail","","category-cinta-de-noticias","category-minuto-a-minuto","category-siria-y-el-mundo","category-ultimas-noticias"],"_links":{"self":[{"href":"https:\/\/archive.sana.sy\/es\/index.php?rest_route=\/wp\/v2\/posts\/309853"}],"collection":[{"href":"https:\/\/archive.sana.sy\/es\/index.php?rest_route=\/wp\/v2\/posts"}],"about":[{"href":"https:\/\/archive.sana.sy\/es\/index.php?rest_route=\/wp\/v2\/types\/post"}],"author":[{"embeddable":true,"href":"https:\/\/archive.sana.sy\/es\/index.php?rest_route=\/wp\/v2\/users\/32"}],"replies":[{"embeddable":true,"href":"https:\/\/archive.sana.sy\/es\/index.php?rest_route=%2Fwp%2Fv2%2Fcomments&post=309853"}],"version-history":[{"count":2,"href":"https:\/\/archive.sana.sy\/es\/index.php?rest_route=\/wp\/v2\/posts\/309853\/revisions"}],"predecessor-version":[{"id":309856,"href":"https:\/\/archive.sana.sy\/es\/index.php?rest_route=\/wp\/v2\/posts\/309853\/revisions\/309856"}],"wp:featuredmedia":[{"embeddable":true,"href":"https:\/\/archive.sana.sy\/es\/index.php?rest_route=\/wp\/v2\/media\/309854"}],"wp:attachment":[{"href":"https:\/\/archive.sana.sy\/es\/index.php?rest_route=%2Fwp%2Fv2%2Fmedia&parent=309853"}],"wp:term":[{"taxonomy":"category","embeddable":true,"href":"https:\/\/archive.sana.sy\/es\/index.php?rest_route=%2Fwp%2Fv2%2Fcategories&post=309853"},{"taxonomy":"post_tag","embeddable":true,"href":"https:\/\/archive.sana.sy\/es\/index.php?rest_route=%2Fwp%2Fv2%2Ftags&post=309853"}],"curies":[{"name":"wp","href":"https:\/\/api.w.org\/{rel}","templated":true}]}}