{"id":309857,"date":"2023-09-28T11:43:21","date_gmt":"2023-09-28T08:43:21","guid":{"rendered":"http:\/\/sana.sy\/es\/?p=309857"},"modified":"2023-09-28T11:43:21","modified_gmt":"2023-09-28T08:43:21","slug":"polianski-occidente-trata-a-siria-y-a-los-paises-necesitados-con-extrema-discriminacion","status":"publish","type":"post","link":"https:\/\/archive.sana.sy\/es\/?p=309857","title":{"rendered":"Polianski: Occidente trata a Siria y a los pa\u00edses necesitados con extrema discriminaci\u00f3n"},"content":{"rendered":"<p style=\"text-align: justify;\"><span style=\"color: #800000;\"><strong>Nueva York,28 sep (SANA)\u00a0<\/strong><\/span> El representante permanente de Rusia ante la ONU, Dmitri Polianski, afirm\u00f3 que los donantes occidentales tratan con discriminaci\u00f3n extrema a Siria y otros pa\u00edses necesitados y s\u00f3lo est\u00e1n interesados en patrocinar el suministro de armas al r\u00e9gimen de Ucrania.<\/p>\n<p style=\"text-align: justify;\">Durante un debate del Consejo de Seguridad sobre asuntos pol\u00edticos y humanitarios en Siria, Polianski dijo &#8220;creemos que la situaci\u00f3n creada por la financiaci\u00f3n del plan humanitario de las Naciones Unidas para Siria, que este a\u00f1o est\u00e1 por debajo del 30 por ciento, es un indicador cr\u00edtico&#8221;.<\/p>\n<p style=\"text-align: justify;\">&#8220;Est\u00e1 claro que Siria, junto con otros pa\u00edses necesitados, est\u00e1 sujeta a una grave discriminaci\u00f3n por parte de donantes occidentales que s\u00f3lo est\u00e1n interesados en patrocinar el suministro de armas a Ucrania&#8221;, dijo Polianski.<\/p>\n<p style=\"text-align: justify;\">ed\/fm<\/p>\n","protected":false},"excerpt":{"rendered":"<p>Nueva York,28 sep (SANA)\u00a0 El representante permanente de Rusia ante la ONU, Dmitri Polianski, afirm\u00f3 que los donantes occidentales tratan con discriminaci\u00f3n extrema a Siria y otros pa\u00edses necesitados y s\u00f3lo est\u00e1n interesados en patrocinar el suministro de armas al r\u00e9gimen de Ucrania. Durante un debate del Consejo de Seguridad sobre asuntos pol\u00edticos y humanitarios &hellip;<\/p>\n","protected":false},"author":32,"featured_media":309858,"comment_status":"closed","ping_status":"closed","sticky":false,"template":"","format":"standard","meta":{"footnotes":""},"categories":[597,20724,467,7541],"tags":[],"class_list":["post-309857","post","type-post","status-publish","format-standard","has-post-thumbnail","","category-cinta-de-noticias","category-minuto-a-minuto","category-siria-y-el-mundo","category-ultimas-noticias"],"_links":{"self":[{"href":"https:\/\/archive.sana.sy\/es\/index.php?rest_route=\/wp\/v2\/posts\/309857"}],"collection":[{"href":"https:\/\/archive.sana.sy\/es\/index.php?rest_route=\/wp\/v2\/posts"}],"about":[{"href":"https:\/\/archive.sana.sy\/es\/index.php?rest_route=\/wp\/v2\/types\/post"}],"author":[{"embeddable":true,"href":"https:\/\/archive.sana.sy\/es\/index.php?rest_route=\/wp\/v2\/users\/32"}],"replies":[{"embeddable":true,"href":"https:\/\/archive.sana.sy\/es\/index.php?rest_route=%2Fwp%2Fv2%2Fcomments&post=309857"}],"version-history":[{"count":1,"href":"https:\/\/archive.sana.sy\/es\/index.php?rest_route=\/wp\/v2\/posts\/309857\/revisions"}],"predecessor-version":[{"id":309859,"href":"https:\/\/archive.sana.sy\/es\/index.php?rest_route=\/wp\/v2\/posts\/309857\/revisions\/309859"}],"wp:featuredmedia":[{"embeddable":true,"href":"https:\/\/archive.sana.sy\/es\/index.php?rest_route=\/wp\/v2\/media\/309858"}],"wp:attachment":[{"href":"https:\/\/archive.sana.sy\/es\/index.php?rest_route=%2Fwp%2Fv2%2Fmedia&parent=309857"}],"wp:term":[{"taxonomy":"category","embeddable":true,"href":"https:\/\/archive.sana.sy\/es\/index.php?rest_route=%2Fwp%2Fv2%2Fcategories&post=309857"},{"taxonomy":"post_tag","embeddable":true,"href":"https:\/\/archive.sana.sy\/es\/index.php?rest_route=%2Fwp%2Fv2%2Ftags&post=309857"}],"curies":[{"name":"wp","href":"https:\/\/api.w.org\/{rel}","templated":true}]}}