{"id":309860,"date":"2023-09-28T12:36:14","date_gmt":"2023-09-28T09:36:14","guid":{"rendered":"http:\/\/sana.sy\/es\/?p=309860"},"modified":"2023-09-28T12:42:20","modified_gmt":"2023-09-28T09:42:20","slug":"palestina-135-000-detenciones-desde-el-estallido-de-la-intifada-de-al-aqsa-en-el-ano-2000","status":"publish","type":"post","link":"https:\/\/archive.sana.sy\/es\/?p=309860","title":{"rendered":"Palestina: 135.000 detenciones desde el estallido de la Intifada de Al-Aqsa en el a\u00f1o 2000"},"content":{"rendered":"<p style=\"text-align: justify;\"><span style=\"color: #800000;\"><strong>Jerusal\u00e9n ocupada, 28 sep (SANA) <\/strong><\/span>La Comisi\u00f3n de Asuntos de Prisioneros y Prisioneros Liberados Palestinos registr\u00f3 m\u00e1s de 135.000 casos de arrestos llevados a cabo por las autoridades de ocupaci\u00f3n israel\u00edes desde el estallido de la Intifada de Al-Aqsa en 2000, lo que indica que estos arrestos afectaron a todos los grupos y segmentos de la sociedad palestina.<\/p>\n<p style=\"text-align: justify;\">La entidad anunci\u00f3 en un informe con motivo del 23\u00ba aniversario del estallido de la Intifada de Al-Aqsa, que coincide hoy,\u00a0 que esos casos, se registraron aproximadamente 21 mil arrestos entre menores, varios ministros y cientos de acad\u00e9micos, periodistas y trabajadores de organizaciones de la sociedad civil e instituciones internacionales.<\/p>\n<p style=\"text-align: justify;\">El informe indic\u00f3 que m\u00e1s de 2600 mujeres palestinas fueron detenidas, cuatro de ellas dieron a la luz dentro de la prisi\u00f3n en condiciones duras y dif\u00edciles.<\/p>\n<p style=\"text-align: justify;\">Adem\u00e1s, el \u00f3rgano se refiri\u00f3 a los asesinatos, las lentas ejecuciones y las torturas en las prisiones de ocupaci\u00f3n, y la escalada de casos de opresi\u00f3n, abuso e incitaci\u00f3n racista contra los prisioneros, que causaron la muerte de muchos de ellos.<\/p>\n<p style=\"text-align: justify;\">Asimismo, explic\u00f3 que las autoridades del ocupante israel\u00ed siguen deteniendo a unos 5200 palestinos en sus c\u00e1rceles, incluidas 38 mujeres, alrededor de 170 ni\u00f1os y 700 prisioneros que padecen diversas enfermedades, 24 de ellos con c\u00e1ncer.<\/p>\n<p style=\"text-align: justify;\">sm<\/p>\n","protected":false},"excerpt":{"rendered":"<p>Jerusal\u00e9n ocupada, 28 sep (SANA) La Comisi\u00f3n de Asuntos de Prisioneros y Prisioneros Liberados Palestinos registr\u00f3 m\u00e1s de 135.000 casos de arrestos llevados a cabo por las autoridades de ocupaci\u00f3n israel\u00edes desde el estallido de la Intifada de Al-Aqsa en 2000, lo que indica que estos arrestos afectaron a todos los grupos y segmentos de &hellip;<\/p>\n","protected":false},"author":39,"featured_media":309861,"comment_status":"closed","ping_status":"closed","sticky":false,"template":"","format":"standard","meta":{"footnotes":""},"categories":[597,456,16687,20724,7541],"tags":[],"class_list":["post-309860","post","type-post","status-publish","format-standard","has-post-thumbnail","","category-cinta-de-noticias","category-arabe-internacional-politica","category-internacionales","category-minuto-a-minuto","category-ultimas-noticias"],"_links":{"self":[{"href":"https:\/\/archive.sana.sy\/es\/index.php?rest_route=\/wp\/v2\/posts\/309860"}],"collection":[{"href":"https:\/\/archive.sana.sy\/es\/index.php?rest_route=\/wp\/v2\/posts"}],"about":[{"href":"https:\/\/archive.sana.sy\/es\/index.php?rest_route=\/wp\/v2\/types\/post"}],"author":[{"embeddable":true,"href":"https:\/\/archive.sana.sy\/es\/index.php?rest_route=\/wp\/v2\/users\/39"}],"replies":[{"embeddable":true,"href":"https:\/\/archive.sana.sy\/es\/index.php?rest_route=%2Fwp%2Fv2%2Fcomments&post=309860"}],"version-history":[{"count":8,"href":"https:\/\/archive.sana.sy\/es\/index.php?rest_route=\/wp\/v2\/posts\/309860\/revisions"}],"predecessor-version":[{"id":309869,"href":"https:\/\/archive.sana.sy\/es\/index.php?rest_route=\/wp\/v2\/posts\/309860\/revisions\/309869"}],"wp:featuredmedia":[{"embeddable":true,"href":"https:\/\/archive.sana.sy\/es\/index.php?rest_route=\/wp\/v2\/media\/309861"}],"wp:attachment":[{"href":"https:\/\/archive.sana.sy\/es\/index.php?rest_route=%2Fwp%2Fv2%2Fmedia&parent=309860"}],"wp:term":[{"taxonomy":"category","embeddable":true,"href":"https:\/\/archive.sana.sy\/es\/index.php?rest_route=%2Fwp%2Fv2%2Fcategories&post=309860"},{"taxonomy":"post_tag","embeddable":true,"href":"https:\/\/archive.sana.sy\/es\/index.php?rest_route=%2Fwp%2Fv2%2Ftags&post=309860"}],"curies":[{"name":"wp","href":"https:\/\/api.w.org\/{rel}","templated":true}]}}