{"id":309871,"date":"2023-09-28T13:10:32","date_gmt":"2023-09-28T10:10:32","guid":{"rendered":"http:\/\/sana.sy\/es\/?p=309871"},"modified":"2023-09-28T13:10:32","modified_gmt":"2023-09-28T10:10:32","slug":"siria-vuelve-a-ser-modelo-de-convivencia-entre-religiones-inauguran-nuevo-monasterio-en-el-centro-de-siria-fotos","status":"publish","type":"post","link":"https:\/\/archive.sana.sy\/es\/?p=309871","title":{"rendered":"Siria vuelve a ser modelo de convivencia entre religiones&#8230;Inauguran nuevo monasterio en el centro de Siria (+ fotos)"},"content":{"rendered":"<p style=\"text-align: justify;\"><span style=\"color: #800000;\"><strong>Homs, 28 sep (SANA)\u00a0<\/strong><\/span> El patriarca Mar Ignacio Aphrem II Karim, patriarca de Antioqu\u00eda y Todo Oriente y Jefe Supremo de la Iglesia Siria Ortodoxa en el mundo, inaugur\u00f3 el Monasterio de San Antonio el Grande en localidad de Sadad, en el sudeste de la provincia central siria de Homs.<\/p>\n<p><img loading=\"lazy\" decoding=\"async\" class=\"size-medium wp-image-309873 alignright\" src=\"http:\/\/sana.sy\/es\/wp-content\/uploads\/2023\/09\/Siria-vuelve-a-ser-modelo-de-convivencia-entre-religiones-6-300x194.jpg\" alt=\"\" width=\"300\" height=\"194\" srcset=\"https:\/\/archive.sana.sy\/es\/wp-content\/uploads\/2023\/09\/Siria-vuelve-a-ser-modelo-de-convivencia-entre-religiones-6-300x194.jpg 300w, https:\/\/archive.sana.sy\/es\/wp-content\/uploads\/2023\/09\/Siria-vuelve-a-ser-modelo-de-convivencia-entre-religiones-6-1024x661.jpg 1024w, https:\/\/archive.sana.sy\/es\/wp-content\/uploads\/2023\/09\/Siria-vuelve-a-ser-modelo-de-convivencia-entre-religiones-6-150x97.jpg 150w, https:\/\/archive.sana.sy\/es\/wp-content\/uploads\/2023\/09\/Siria-vuelve-a-ser-modelo-de-convivencia-entre-religiones-6-768x495.jpg 768w, https:\/\/archive.sana.sy\/es\/wp-content\/uploads\/2023\/09\/Siria-vuelve-a-ser-modelo-de-convivencia-entre-religiones-6-1536x991.jpg 1536w, https:\/\/archive.sana.sy\/es\/wp-content\/uploads\/2023\/09\/Siria-vuelve-a-ser-modelo-de-convivencia-entre-religiones-6.jpg 2048w\" sizes=\"(max-width: 300px) 100vw, 300px\" \/><\/p>\n<p style=\"text-align: justify;\">En sus palabras pronunciadas en la acto de apertura, el Patriarca destac\u00f3 que la apertura del monasterio coincide con la celebraci\u00f3n del natalicio del Profeta Mahoma, y destac\u00f3 el modelo de unidad nacional que ofrece Siria al mundo.<\/p>\n<p style=\"text-align: justify;\">Pidi\u00f3 que se levanten las injustas sanciones impuestas a Siria y que el mundo trate con esta naci\u00f3n con humanidad y justicia.<\/p>\n<p style=\"text-align: justify;\">Aphrem II Karim elogi\u00f3 los sacrificios de los sirios para expulsar el oscurantismo y el terrorismo que invadieron parte de su pa\u00eds.<\/p>\n<div id='gallery-1' class='gallery galleryid-309871 gallery-columns-1 gallery-size-full'><figure class='gallery-item'>\n\t\t\t<div class='gallery-icon landscape'>\n\t\t\t\t<a href='https:\/\/archive.sana.sy\/es\/?attachment_id=309880'><img loading=\"lazy\" decoding=\"async\" width=\"2048\" height=\"1319\" src=\"https:\/\/archive.sana.sy\/es\/wp-content\/uploads\/2023\/09\/Siria-vuelve-a-ser-modelo-de-convivencia-entre-religiones-10.jpg\" class=\"attachment-full size-full\" alt=\"\" srcset=\"https:\/\/archive.sana.sy\/es\/wp-content\/uploads\/2023\/09\/Siria-vuelve-a-ser-modelo-de-convivencia-entre-religiones-10.jpg 2048w, https:\/\/archive.sana.sy\/es\/wp-content\/uploads\/2023\/09\/Siria-vuelve-a-ser-modelo-de-convivencia-entre-religiones-10-300x193.jpg 300w, https:\/\/archive.sana.sy\/es\/wp-content\/uploads\/2023\/09\/Siria-vuelve-a-ser-modelo-de-convivencia-entre-religiones-10-1024x660.jpg 1024w, https:\/\/archive.sana.sy\/es\/wp-content\/uploads\/2023\/09\/Siria-vuelve-a-ser-modelo-de-convivencia-entre-religiones-10-150x97.jpg 150w, https:\/\/archive.sana.sy\/es\/wp-content\/uploads\/2023\/09\/Siria-vuelve-a-ser-modelo-de-convivencia-entre-religiones-10-768x495.jpg 768w, https:\/\/archive.sana.sy\/es\/wp-content\/uploads\/2023\/09\/Siria-vuelve-a-ser-modelo-de-convivencia-entre-religiones-10-1536x989.jpg 1536w\" sizes=\"(max-width: 2048px) 100vw, 2048px\" \/><\/a>\n\t\t\t<\/div><\/figure><figure class='gallery-item'>\n\t\t\t<div class='gallery-icon landscape'>\n\t\t\t\t<a href='https:\/\/archive.sana.sy\/es\/?attachment_id=309876'><img loading=\"lazy\" decoding=\"async\" width=\"2048\" height=\"1343\" src=\"https:\/\/archive.sana.sy\/es\/wp-content\/uploads\/2023\/09\/Siria-vuelve-a-ser-modelo-de-convivencia-entre-religiones-4.jpg\" class=\"attachment-full size-full\" alt=\"\" srcset=\"https:\/\/archive.sana.sy\/es\/wp-content\/uploads\/2023\/09\/Siria-vuelve-a-ser-modelo-de-convivencia-entre-religiones-4.jpg 2048w, https:\/\/archive.sana.sy\/es\/wp-content\/uploads\/2023\/09\/Siria-vuelve-a-ser-modelo-de-convivencia-entre-religiones-4-300x197.jpg 300w, https:\/\/archive.sana.sy\/es\/wp-content\/uploads\/2023\/09\/Siria-vuelve-a-ser-modelo-de-convivencia-entre-religiones-4-1024x672.jpg 1024w, https:\/\/archive.sana.sy\/es\/wp-content\/uploads\/2023\/09\/Siria-vuelve-a-ser-modelo-de-convivencia-entre-religiones-4-150x98.jpg 150w, https:\/\/archive.sana.sy\/es\/wp-content\/uploads\/2023\/09\/Siria-vuelve-a-ser-modelo-de-convivencia-entre-religiones-4-768x504.jpg 768w, https:\/\/archive.sana.sy\/es\/wp-content\/uploads\/2023\/09\/Siria-vuelve-a-ser-modelo-de-convivencia-entre-religiones-4-1536x1007.jpg 1536w\" sizes=\"(max-width: 2048px) 100vw, 2048px\" \/><\/a>\n\t\t\t<\/div><\/figure><figure class='gallery-item'>\n\t\t\t<div class='gallery-icon landscape'>\n\t\t\t\t<a href='https:\/\/archive.sana.sy\/es\/?attachment_id=309874'><img loading=\"lazy\" decoding=\"async\" width=\"2048\" height=\"1365\" src=\"https:\/\/archive.sana.sy\/es\/wp-content\/uploads\/2023\/09\/Siria-vuelve-a-ser-modelo-de-convivencia-entre-religiones-2.jpg\" class=\"attachment-full size-full\" alt=\"\" srcset=\"https:\/\/archive.sana.sy\/es\/wp-content\/uploads\/2023\/09\/Siria-vuelve-a-ser-modelo-de-convivencia-entre-religiones-2.jpg 2048w, https:\/\/archive.sana.sy\/es\/wp-content\/uploads\/2023\/09\/Siria-vuelve-a-ser-modelo-de-convivencia-entre-religiones-2-300x200.jpg 300w, https:\/\/archive.sana.sy\/es\/wp-content\/uploads\/2023\/09\/Siria-vuelve-a-ser-modelo-de-convivencia-entre-religiones-2-1024x683.jpg 1024w, https:\/\/archive.sana.sy\/es\/wp-content\/uploads\/2023\/09\/Siria-vuelve-a-ser-modelo-de-convivencia-entre-religiones-2-150x100.jpg 150w, https:\/\/archive.sana.sy\/es\/wp-content\/uploads\/2023\/09\/Siria-vuelve-a-ser-modelo-de-convivencia-entre-religiones-2-768x512.jpg 768w, https:\/\/archive.sana.sy\/es\/wp-content\/uploads\/2023\/09\/Siria-vuelve-a-ser-modelo-de-convivencia-entre-religiones-2-1536x1024.jpg 1536w\" sizes=\"(max-width: 2048px) 100vw, 2048px\" \/><\/a>\n\t\t\t<\/div><\/figure><figure class='gallery-item'>\n\t\t\t<div class='gallery-icon landscape'>\n\t\t\t\t<a href='https:\/\/archive.sana.sy\/es\/?attachment_id=309875'><img loading=\"lazy\" decoding=\"async\" width=\"2048\" height=\"1375\" src=\"https:\/\/archive.sana.sy\/es\/wp-content\/uploads\/2023\/09\/Siria-vuelve-a-ser-modelo-de-convivencia-entre-religiones-3.jpg\" class=\"attachment-full size-full\" alt=\"\" srcset=\"https:\/\/archive.sana.sy\/es\/wp-content\/uploads\/2023\/09\/Siria-vuelve-a-ser-modelo-de-convivencia-entre-religiones-3.jpg 2048w, https:\/\/archive.sana.sy\/es\/wp-content\/uploads\/2023\/09\/Siria-vuelve-a-ser-modelo-de-convivencia-entre-religiones-3-300x201.jpg 300w, https:\/\/archive.sana.sy\/es\/wp-content\/uploads\/2023\/09\/Siria-vuelve-a-ser-modelo-de-convivencia-entre-religiones-3-1024x688.jpg 1024w, https:\/\/archive.sana.sy\/es\/wp-content\/uploads\/2023\/09\/Siria-vuelve-a-ser-modelo-de-convivencia-entre-religiones-3-150x101.jpg 150w, https:\/\/archive.sana.sy\/es\/wp-content\/uploads\/2023\/09\/Siria-vuelve-a-ser-modelo-de-convivencia-entre-religiones-3-768x516.jpg 768w, https:\/\/archive.sana.sy\/es\/wp-content\/uploads\/2023\/09\/Siria-vuelve-a-ser-modelo-de-convivencia-entre-religiones-3-1536x1031.jpg 1536w, https:\/\/archive.sana.sy\/es\/wp-content\/uploads\/2023\/09\/Siria-vuelve-a-ser-modelo-de-convivencia-entre-religiones-3-110x75.jpg 110w\" sizes=\"(max-width: 2048px) 100vw, 2048px\" \/><\/a>\n\t\t\t<\/div><\/figure><figure class='gallery-item'>\n\t\t\t<div class='gallery-icon landscape'>\n\t\t\t\t<a href='https:\/\/archive.sana.sy\/es\/?attachment_id=309877'><img loading=\"lazy\" decoding=\"async\" width=\"2048\" height=\"1347\" src=\"https:\/\/archive.sana.sy\/es\/wp-content\/uploads\/2023\/09\/Siria-vuelve-a-ser-modelo-de-convivencia-entre-religiones-5.jpg\" class=\"attachment-full size-full\" alt=\"\" srcset=\"https:\/\/archive.sana.sy\/es\/wp-content\/uploads\/2023\/09\/Siria-vuelve-a-ser-modelo-de-convivencia-entre-religiones-5.jpg 2048w, https:\/\/archive.sana.sy\/es\/wp-content\/uploads\/2023\/09\/Siria-vuelve-a-ser-modelo-de-convivencia-entre-religiones-5-300x197.jpg 300w, https:\/\/archive.sana.sy\/es\/wp-content\/uploads\/2023\/09\/Siria-vuelve-a-ser-modelo-de-convivencia-entre-religiones-5-1024x674.jpg 1024w, https:\/\/archive.sana.sy\/es\/wp-content\/uploads\/2023\/09\/Siria-vuelve-a-ser-modelo-de-convivencia-entre-religiones-5-150x99.jpg 150w, https:\/\/archive.sana.sy\/es\/wp-content\/uploads\/2023\/09\/Siria-vuelve-a-ser-modelo-de-convivencia-entre-religiones-5-768x505.jpg 768w, https:\/\/archive.sana.sy\/es\/wp-content\/uploads\/2023\/09\/Siria-vuelve-a-ser-modelo-de-convivencia-entre-religiones-5-1536x1010.jpg 1536w, https:\/\/archive.sana.sy\/es\/wp-content\/uploads\/2023\/09\/Siria-vuelve-a-ser-modelo-de-convivencia-entre-religiones-5-310x205.jpg 310w\" sizes=\"(max-width: 2048px) 100vw, 2048px\" \/><\/a>\n\t\t\t<\/div><\/figure><figure class='gallery-item'>\n\t\t\t<div class='gallery-icon landscape'>\n\t\t\t\t<a href='https:\/\/archive.sana.sy\/es\/?attachment_id=309878'><img loading=\"lazy\" decoding=\"async\" width=\"2048\" height=\"1332\" src=\"https:\/\/archive.sana.sy\/es\/wp-content\/uploads\/2023\/09\/Siria-vuelve-a-ser-modelo-de-convivencia-entre-religiones-7.jpg\" class=\"attachment-full size-full\" alt=\"\" srcset=\"https:\/\/archive.sana.sy\/es\/wp-content\/uploads\/2023\/09\/Siria-vuelve-a-ser-modelo-de-convivencia-entre-religiones-7.jpg 2048w, https:\/\/archive.sana.sy\/es\/wp-content\/uploads\/2023\/09\/Siria-vuelve-a-ser-modelo-de-convivencia-entre-religiones-7-300x195.jpg 300w, https:\/\/archive.sana.sy\/es\/wp-content\/uploads\/2023\/09\/Siria-vuelve-a-ser-modelo-de-convivencia-entre-religiones-7-1024x666.jpg 1024w, https:\/\/archive.sana.sy\/es\/wp-content\/uploads\/2023\/09\/Siria-vuelve-a-ser-modelo-de-convivencia-entre-religiones-7-150x98.jpg 150w, https:\/\/archive.sana.sy\/es\/wp-content\/uploads\/2023\/09\/Siria-vuelve-a-ser-modelo-de-convivencia-entre-religiones-7-768x500.jpg 768w, https:\/\/archive.sana.sy\/es\/wp-content\/uploads\/2023\/09\/Siria-vuelve-a-ser-modelo-de-convivencia-entre-religiones-7-1536x999.jpg 1536w\" sizes=\"(max-width: 2048px) 100vw, 2048px\" \/><\/a>\n\t\t\t<\/div><\/figure><figure class='gallery-item'>\n\t\t\t<div class='gallery-icon landscape'>\n\t\t\t\t<a href='https:\/\/archive.sana.sy\/es\/?attachment_id=309879'><img loading=\"lazy\" decoding=\"async\" width=\"2048\" height=\"1334\" src=\"https:\/\/archive.sana.sy\/es\/wp-content\/uploads\/2023\/09\/Siria-vuelve-a-ser-modelo-de-convivencia-entre-religiones-8.jpg\" class=\"attachment-full size-full\" alt=\"\" srcset=\"https:\/\/archive.sana.sy\/es\/wp-content\/uploads\/2023\/09\/Siria-vuelve-a-ser-modelo-de-convivencia-entre-religiones-8.jpg 2048w, https:\/\/archive.sana.sy\/es\/wp-content\/uploads\/2023\/09\/Siria-vuelve-a-ser-modelo-de-convivencia-entre-religiones-8-300x195.jpg 300w, https:\/\/archive.sana.sy\/es\/wp-content\/uploads\/2023\/09\/Siria-vuelve-a-ser-modelo-de-convivencia-entre-religiones-8-1024x667.jpg 1024w, https:\/\/archive.sana.sy\/es\/wp-content\/uploads\/2023\/09\/Siria-vuelve-a-ser-modelo-de-convivencia-entre-religiones-8-150x98.jpg 150w, https:\/\/archive.sana.sy\/es\/wp-content\/uploads\/2023\/09\/Siria-vuelve-a-ser-modelo-de-convivencia-entre-religiones-8-768x500.jpg 768w, https:\/\/archive.sana.sy\/es\/wp-content\/uploads\/2023\/09\/Siria-vuelve-a-ser-modelo-de-convivencia-entre-religiones-8-1536x1001.jpg 1536w\" sizes=\"(max-width: 2048px) 100vw, 2048px\" \/><\/a>\n\t\t\t<\/div><\/figure>\n\t\t<\/div>\n\n<p>fm\/sm<\/p>\n","protected":false},"excerpt":{"rendered":"<p>Homs, 28 sep (SANA)\u00a0 El patriarca Mar Ignacio Aphrem II Karim, patriarca de Antioqu\u00eda y Todo Oriente y Jefe Supremo de la Iglesia Siria Ortodoxa en el mundo, inaugur\u00f3 el Monasterio de San Antonio el Grande en localidad de Sadad, en el sudeste de la provincia central siria de Homs. En sus palabras pronunciadas en &hellip;<\/p>\n","protected":false},"author":39,"featured_media":309872,"comment_status":"closed","ping_status":"closed","sticky":false,"template":"","format":"standard","meta":{"footnotes":""},"categories":[477,597,573,20724,476,7541],"tags":[],"class_list":["post-309871","post","type-post","status-publish","format-standard","has-post-thumbnail","","category-noticias-edulcorantes","category-cinta-de-noticias","category-la-realidad-de-los-acontecimientos-en-siria","category-minuto-a-minuto","category-locales","category-ultimas-noticias"],"_links":{"self":[{"href":"https:\/\/archive.sana.sy\/es\/index.php?rest_route=\/wp\/v2\/posts\/309871"}],"collection":[{"href":"https:\/\/archive.sana.sy\/es\/index.php?rest_route=\/wp\/v2\/posts"}],"about":[{"href":"https:\/\/archive.sana.sy\/es\/index.php?rest_route=\/wp\/v2\/types\/post"}],"author":[{"embeddable":true,"href":"https:\/\/archive.sana.sy\/es\/index.php?rest_route=\/wp\/v2\/users\/39"}],"replies":[{"embeddable":true,"href":"https:\/\/archive.sana.sy\/es\/index.php?rest_route=%2Fwp%2Fv2%2Fcomments&post=309871"}],"version-history":[{"count":1,"href":"https:\/\/archive.sana.sy\/es\/index.php?rest_route=\/wp\/v2\/posts\/309871\/revisions"}],"predecessor-version":[{"id":309881,"href":"https:\/\/archive.sana.sy\/es\/index.php?rest_route=\/wp\/v2\/posts\/309871\/revisions\/309881"}],"wp:featuredmedia":[{"embeddable":true,"href":"https:\/\/archive.sana.sy\/es\/index.php?rest_route=\/wp\/v2\/media\/309872"}],"wp:attachment":[{"href":"https:\/\/archive.sana.sy\/es\/index.php?rest_route=%2Fwp%2Fv2%2Fmedia&parent=309871"}],"wp:term":[{"taxonomy":"category","embeddable":true,"href":"https:\/\/archive.sana.sy\/es\/index.php?rest_route=%2Fwp%2Fv2%2Fcategories&post=309871"},{"taxonomy":"post_tag","embeddable":true,"href":"https:\/\/archive.sana.sy\/es\/index.php?rest_route=%2Fwp%2Fv2%2Ftags&post=309871"}],"curies":[{"name":"wp","href":"https:\/\/api.w.org\/{rel}","templated":true}]}}