{"id":309882,"date":"2023-09-28T14:12:39","date_gmt":"2023-09-28T11:12:39","guid":{"rendered":"http:\/\/sana.sy\/es\/?p=309882"},"modified":"2023-09-28T14:12:39","modified_gmt":"2023-09-28T11:12:39","slug":"frustran-intento-de-golpe-de-estado-en-burkina-faso","status":"publish","type":"post","link":"https:\/\/archive.sana.sy\/es\/?p=309882","title":{"rendered":"Frustran intento de golpe de Estado en Burkina Faso"},"content":{"rendered":"<p style=\"text-align: justify;\"><span style=\"color: #800000;\"><strong>Ouagadougou, 28 sep (SANA)\u00a0<\/strong><\/span> El Gobierno de transici\u00f3n de Burkina Faso anunci\u00f3 el fracaso de un intento de golpe de Estado en el pa\u00eds, al tiempo que inform\u00f3 de la detenci\u00f3n de varios implicados.<\/p>\n<p style=\"text-align: justify;\">El Ministerio de Informaci\u00f3n inform\u00f3 que la Junta Militar que gobierna el pa\u00eds realiza investigaciones y se espera que el fiscal adjudicado al caso proporcione m\u00e1s detalles.<\/p>\n<p style=\"text-align: justify;\">Asimismo, hace un llamamiento a la poblaci\u00f3n para que se mantenga alerta ante la confusi\u00f3n creada, en particular en las redes sociales, con el fin de implicar a personalidades pol\u00edticas y militares del pa\u00eds.<\/p>\n<p style=\"text-align: justify;\">Por su parte, el presidente del gobierno de transici\u00f3n, capit\u00e1n Ibrahim Traor\u00e9, se mostr\u00f3 dispuesto a continuar el actual proyecto pol\u00edtico a pesar de las dificultades.<\/p>\n<p style=\"text-align: justify;\">fm\/sm<\/p>\n","protected":false},"excerpt":{"rendered":"<p>Ouagadougou, 28 sep (SANA)\u00a0 El Gobierno de transici\u00f3n de Burkina Faso anunci\u00f3 el fracaso de un intento de golpe de Estado en el pa\u00eds, al tiempo que inform\u00f3 de la detenci\u00f3n de varios implicados. El Ministerio de Informaci\u00f3n inform\u00f3 que la Junta Militar que gobierna el pa\u00eds realiza investigaciones y se espera que el fiscal &hellip;<\/p>\n","protected":false},"author":39,"featured_media":309883,"comment_status":"closed","ping_status":"closed","sticky":false,"template":"","format":"standard","meta":{"footnotes":""},"categories":[597,456,16687,20724,7541],"tags":[],"class_list":["post-309882","post","type-post","status-publish","format-standard","has-post-thumbnail","","category-cinta-de-noticias","category-arabe-internacional-politica","category-internacionales","category-minuto-a-minuto","category-ultimas-noticias"],"_links":{"self":[{"href":"https:\/\/archive.sana.sy\/es\/index.php?rest_route=\/wp\/v2\/posts\/309882"}],"collection":[{"href":"https:\/\/archive.sana.sy\/es\/index.php?rest_route=\/wp\/v2\/posts"}],"about":[{"href":"https:\/\/archive.sana.sy\/es\/index.php?rest_route=\/wp\/v2\/types\/post"}],"author":[{"embeddable":true,"href":"https:\/\/archive.sana.sy\/es\/index.php?rest_route=\/wp\/v2\/users\/39"}],"replies":[{"embeddable":true,"href":"https:\/\/archive.sana.sy\/es\/index.php?rest_route=%2Fwp%2Fv2%2Fcomments&post=309882"}],"version-history":[{"count":1,"href":"https:\/\/archive.sana.sy\/es\/index.php?rest_route=\/wp\/v2\/posts\/309882\/revisions"}],"predecessor-version":[{"id":309884,"href":"https:\/\/archive.sana.sy\/es\/index.php?rest_route=\/wp\/v2\/posts\/309882\/revisions\/309884"}],"wp:featuredmedia":[{"embeddable":true,"href":"https:\/\/archive.sana.sy\/es\/index.php?rest_route=\/wp\/v2\/media\/309883"}],"wp:attachment":[{"href":"https:\/\/archive.sana.sy\/es\/index.php?rest_route=%2Fwp%2Fv2%2Fmedia&parent=309882"}],"wp:term":[{"taxonomy":"category","embeddable":true,"href":"https:\/\/archive.sana.sy\/es\/index.php?rest_route=%2Fwp%2Fv2%2Fcategories&post=309882"},{"taxonomy":"post_tag","embeddable":true,"href":"https:\/\/archive.sana.sy\/es\/index.php?rest_route=%2Fwp%2Fv2%2Ftags&post=309882"}],"curies":[{"name":"wp","href":"https:\/\/api.w.org\/{rel}","templated":true}]}}