{"id":309885,"date":"2023-09-28T14:30:58","date_gmt":"2023-09-28T11:30:58","guid":{"rendered":"http:\/\/sana.sy\/es\/?p=309885"},"modified":"2023-09-28T16:53:29","modified_gmt":"2023-09-28T13:53:29","slug":"presidente-al-assad-asiste-a-ceremonia-por-natalicio-del-profeta-mahoma","status":"publish","type":"post","link":"https:\/\/archive.sana.sy\/es\/?p=309885","title":{"rendered":"Presidente Al-Assad asiste a ceremonia por natalicio del profeta Mahoma"},"content":{"rendered":"<p style=\"text-align: justify;\"><span style=\"color: #800000;\"><strong>Latakia, 28 sep (SANA)\u00a0<\/strong><\/span> El presidente Bashar Al-Assad, asisti\u00f3 a la ceremonia religiosa organizada por el Ministerio de Asuntos Religiosos (Awqaf) para conmemorar el nacimiento del Profeta Mahoma, en la Mezquita Omar bin Al-Khattab, de la ciudad costera de Latakia.<\/p>\n<p>La ceremonia comenz\u00f3 con la recitaci\u00f3n de vers\u00edculos del Sagrado Cor\u00e1n, y luego el ministro de Asuntos Religiosos (Awqaf), Muhammad Abd Al-Sattar Al-Sayyed, pronunci\u00f3 un serm\u00f3n en el que destac\u00f3 los grandes significados de esta conmemoraci\u00f3n y los valores que dej\u00f3 el profeta.<\/p>\n<p>\u201cEl respeto a los derechos humanos constituye el mensaje inmortal y eterno que dej\u00f3 el Profeta a la humanidad, y este mensaje no cambia con el tiempo ni con el lugar\u201d, dijo el Ministro.<\/p>\n<p>Precis\u00f3 que el mensaje de Profeta construy\u00f3 civilizaciones, enriqueci\u00f3 el conocimiento, formul\u00f3 valores, protegi\u00f3 la familia, dio a las mujeres sus derechos y preserv\u00f3 los derechos de los ni\u00f1os.<\/p>\n<p>La ceremonia incluy\u00f3 s\u00faplicas religiosas inspiradas en la ocasi\u00f3n.<\/p>\n<div id='gallery-1' class='gallery galleryid-309885 gallery-columns-1 gallery-size-full'><figure class='gallery-item'>\n\t\t\t<div class='gallery-icon landscape'>\n\t\t\t\t<a href='https:\/\/archive.sana.sy\/es\/?attachment_id=309889'><img loading=\"lazy\" decoding=\"async\" width=\"1280\" height=\"853\" src=\"https:\/\/archive.sana.sy\/es\/wp-content\/uploads\/2023\/09\/Presidente-Al-Assad-asiste-a-ceremonia-por-natalicio-del-profeta-Mahoma-1.jpg\" class=\"attachment-full size-full\" alt=\"\" srcset=\"https:\/\/archive.sana.sy\/es\/wp-content\/uploads\/2023\/09\/Presidente-Al-Assad-asiste-a-ceremonia-por-natalicio-del-profeta-Mahoma-1.jpg 1280w, https:\/\/archive.sana.sy\/es\/wp-content\/uploads\/2023\/09\/Presidente-Al-Assad-asiste-a-ceremonia-por-natalicio-del-profeta-Mahoma-1-300x200.jpg 300w, https:\/\/archive.sana.sy\/es\/wp-content\/uploads\/2023\/09\/Presidente-Al-Assad-asiste-a-ceremonia-por-natalicio-del-profeta-Mahoma-1-1024x682.jpg 1024w, https:\/\/archive.sana.sy\/es\/wp-content\/uploads\/2023\/09\/Presidente-Al-Assad-asiste-a-ceremonia-por-natalicio-del-profeta-Mahoma-1-150x100.jpg 150w, https:\/\/archive.sana.sy\/es\/wp-content\/uploads\/2023\/09\/Presidente-Al-Assad-asiste-a-ceremonia-por-natalicio-del-profeta-Mahoma-1-768x512.jpg 768w\" sizes=\"(max-width: 1280px) 100vw, 1280px\" \/><\/a>\n\t\t\t<\/div><\/figure><figure class='gallery-item'>\n\t\t\t<div class='gallery-icon landscape'>\n\t\t\t\t<a href='https:\/\/archive.sana.sy\/es\/?attachment_id=309890'><img loading=\"lazy\" decoding=\"async\" width=\"1280\" height=\"853\" src=\"https:\/\/archive.sana.sy\/es\/wp-content\/uploads\/2023\/09\/Presidente-Al-Assad-asiste-a-ceremonia-por-natalicio-del-profeta-Mahoma-3.jpg\" class=\"attachment-full size-full\" alt=\"\" srcset=\"https:\/\/archive.sana.sy\/es\/wp-content\/uploads\/2023\/09\/Presidente-Al-Assad-asiste-a-ceremonia-por-natalicio-del-profeta-Mahoma-3.jpg 1280w, https:\/\/archive.sana.sy\/es\/wp-content\/uploads\/2023\/09\/Presidente-Al-Assad-asiste-a-ceremonia-por-natalicio-del-profeta-Mahoma-3-300x200.jpg 300w, https:\/\/archive.sana.sy\/es\/wp-content\/uploads\/2023\/09\/Presidente-Al-Assad-asiste-a-ceremonia-por-natalicio-del-profeta-Mahoma-3-1024x682.jpg 1024w, https:\/\/archive.sana.sy\/es\/wp-content\/uploads\/2023\/09\/Presidente-Al-Assad-asiste-a-ceremonia-por-natalicio-del-profeta-Mahoma-3-150x100.jpg 150w, https:\/\/archive.sana.sy\/es\/wp-content\/uploads\/2023\/09\/Presidente-Al-Assad-asiste-a-ceremonia-por-natalicio-del-profeta-Mahoma-3-768x512.jpg 768w\" sizes=\"(max-width: 1280px) 100vw, 1280px\" \/><\/a>\n\t\t\t<\/div><\/figure><figure class='gallery-item'>\n\t\t\t<div class='gallery-icon portrait'>\n\t\t\t\t<a href='https:\/\/archive.sana.sy\/es\/?attachment_id=309901'><img loading=\"lazy\" decoding=\"async\" width=\"1200\" height=\"1800\" src=\"https:\/\/archive.sana.sy\/es\/wp-content\/uploads\/2023\/09\/02-5.jpg\" class=\"attachment-full size-full\" alt=\"\" srcset=\"https:\/\/archive.sana.sy\/es\/wp-content\/uploads\/2023\/09\/02-5.jpg 1200w, https:\/\/archive.sana.sy\/es\/wp-content\/uploads\/2023\/09\/02-5-200x300.jpg 200w, https:\/\/archive.sana.sy\/es\/wp-content\/uploads\/2023\/09\/02-5-683x1024.jpg 683w, https:\/\/archive.sana.sy\/es\/wp-content\/uploads\/2023\/09\/02-5-100x150.jpg 100w, https:\/\/archive.sana.sy\/es\/wp-content\/uploads\/2023\/09\/02-5-768x1152.jpg 768w, https:\/\/archive.sana.sy\/es\/wp-content\/uploads\/2023\/09\/02-5-1024x1536.jpg 1024w\" sizes=\"(max-width: 1200px) 100vw, 1200px\" \/><\/a>\n\t\t\t<\/div><\/figure><figure class='gallery-item'>\n\t\t\t<div class='gallery-icon portrait'>\n\t\t\t\t<a href='https:\/\/archive.sana.sy\/es\/?attachment_id=309903'><img loading=\"lazy\" decoding=\"async\" width=\"1200\" height=\"1800\" src=\"https:\/\/archive.sana.sy\/es\/wp-content\/uploads\/2023\/09\/DSC09070.jpg\" class=\"attachment-full size-full\" alt=\"\" srcset=\"https:\/\/archive.sana.sy\/es\/wp-content\/uploads\/2023\/09\/DSC09070.jpg 1200w, https:\/\/archive.sana.sy\/es\/wp-content\/uploads\/2023\/09\/DSC09070-200x300.jpg 200w, https:\/\/archive.sana.sy\/es\/wp-content\/uploads\/2023\/09\/DSC09070-683x1024.jpg 683w, https:\/\/archive.sana.sy\/es\/wp-content\/uploads\/2023\/09\/DSC09070-100x150.jpg 100w, https:\/\/archive.sana.sy\/es\/wp-content\/uploads\/2023\/09\/DSC09070-768x1152.jpg 768w, https:\/\/archive.sana.sy\/es\/wp-content\/uploads\/2023\/09\/DSC09070-1024x1536.jpg 1024w\" sizes=\"(max-width: 1200px) 100vw, 1200px\" \/><\/a>\n\t\t\t<\/div><\/figure><figure class='gallery-item'>\n\t\t\t<div class='gallery-icon portrait'>\n\t\t\t\t<a href='https:\/\/archive.sana.sy\/es\/?attachment_id=309902'><img loading=\"lazy\" decoding=\"async\" width=\"1200\" height=\"1800\" src=\"https:\/\/archive.sana.sy\/es\/wp-content\/uploads\/2023\/09\/08-2.jpg\" class=\"attachment-full size-full\" alt=\"\" srcset=\"https:\/\/archive.sana.sy\/es\/wp-content\/uploads\/2023\/09\/08-2.jpg 1200w, https:\/\/archive.sana.sy\/es\/wp-content\/uploads\/2023\/09\/08-2-200x300.jpg 200w, https:\/\/archive.sana.sy\/es\/wp-content\/uploads\/2023\/09\/08-2-683x1024.jpg 683w, https:\/\/archive.sana.sy\/es\/wp-content\/uploads\/2023\/09\/08-2-100x150.jpg 100w, https:\/\/archive.sana.sy\/es\/wp-content\/uploads\/2023\/09\/08-2-768x1152.jpg 768w, https:\/\/archive.sana.sy\/es\/wp-content\/uploads\/2023\/09\/08-2-1024x1536.jpg 1024w\" sizes=\"(max-width: 1200px) 100vw, 1200px\" \/><\/a>\n\t\t\t<\/div><\/figure>\n\t\t<\/div>\n\n","protected":false},"excerpt":{"rendered":"<p>Latakia, 28 sep (SANA)\u00a0 El presidente Bashar Al-Assad, asisti\u00f3 a la ceremonia religiosa organizada por el Ministerio de Asuntos Religiosos (Awqaf) para conmemorar el nacimiento del Profeta Mahoma, en la Mezquita Omar bin Al-Khattab, de la ciudad costera de Latakia. La ceremonia comenz\u00f3 con la recitaci\u00f3n de vers\u00edculos del Sagrado Cor\u00e1n, y luego el ministro &hellip;<\/p>\n","protected":false},"author":39,"featured_media":309893,"comment_status":"closed","ping_status":"closed","sticky":false,"template":"","format":"standard","meta":{"footnotes":""},"categories":[597,20724,16237,583,626],"tags":[],"class_list":["post-309885","post","type-post","status-publish","format-standard","has-post-thumbnail","","category-cinta-de-noticias","category-minuto-a-minuto","category-presidence-de-la-republique-arabe-syria","category-slide","category-sr-presidente"],"_links":{"self":[{"href":"https:\/\/archive.sana.sy\/es\/index.php?rest_route=\/wp\/v2\/posts\/309885"}],"collection":[{"href":"https:\/\/archive.sana.sy\/es\/index.php?rest_route=\/wp\/v2\/posts"}],"about":[{"href":"https:\/\/archive.sana.sy\/es\/index.php?rest_route=\/wp\/v2\/types\/post"}],"author":[{"embeddable":true,"href":"https:\/\/archive.sana.sy\/es\/index.php?rest_route=\/wp\/v2\/users\/39"}],"replies":[{"embeddable":true,"href":"https:\/\/archive.sana.sy\/es\/index.php?rest_route=%2Fwp%2Fv2%2Fcomments&post=309885"}],"version-history":[{"count":5,"href":"https:\/\/archive.sana.sy\/es\/index.php?rest_route=\/wp\/v2\/posts\/309885\/revisions"}],"predecessor-version":[{"id":309913,"href":"https:\/\/archive.sana.sy\/es\/index.php?rest_route=\/wp\/v2\/posts\/309885\/revisions\/309913"}],"wp:featuredmedia":[{"embeddable":true,"href":"https:\/\/archive.sana.sy\/es\/index.php?rest_route=\/wp\/v2\/media\/309893"}],"wp:attachment":[{"href":"https:\/\/archive.sana.sy\/es\/index.php?rest_route=%2Fwp%2Fv2%2Fmedia&parent=309885"}],"wp:term":[{"taxonomy":"category","embeddable":true,"href":"https:\/\/archive.sana.sy\/es\/index.php?rest_route=%2Fwp%2Fv2%2Fcategories&post=309885"},{"taxonomy":"post_tag","embeddable":true,"href":"https:\/\/archive.sana.sy\/es\/index.php?rest_route=%2Fwp%2Fv2%2Ftags&post=309885"}],"curies":[{"name":"wp","href":"https:\/\/api.w.org\/{rel}","templated":true}]}}