{"id":30996,"date":"2015-10-03T15:31:32","date_gmt":"2015-10-03T12:31:32","guid":{"rendered":"http:\/\/sana.sy\/es\/?p=30996"},"modified":"2015-10-03T15:31:32","modified_gmt":"2015-10-03T12:31:32","slug":"ministra-al-qadiri-efectua-gira-en-un-hogar-de-ancianos-con-motivo-del-dia-internacional-de-las-personas-de-edad","status":"publish","type":"post","link":"https:\/\/archive.sana.sy\/es\/?p=30996","title":{"rendered":"Ministra al-Qadiri efect\u00faa gira en un hogar de ancianos con motivo del D\u00eda Internacional de las personas de Edad"},"content":{"rendered":"<p><span style=\"color: #800000\">Damasco, SANA<\/span><\/p>\n<p>La ministra de Asuntos Sociales, Rima al-Qadiri puso un \u00e9nfasis particular sobre la necesidad de que todos los \u00f3rganos gubernamentales y privados pertinentes\u00a0trabajen para garantizar la atenci\u00f3n necesaria y los servicios sanitarios y sociales a las personas de edad.<\/p>\n<p>En declaraciones concedidas a SANA durante una\u00a0gira realizada este s\u00e1bado en el hogar de ancianos de Dar al-Karam con motivo del D\u00eda Internacional de las Persona de Edad, la ministra siria se\u00f1al\u00f3 que a pesar de las dificultades resultantes de la crisis actual, el Ministerio de Asuntos Sociales no escatima ning\u00fan esfuerzo para suministrar\u00a0los mejores servicios posibles a los hogares de ancianos.<\/p>\n<p>A su vez, el Director de Dar al-Karama, instalaci\u00f3n con capacidad de\u00a0abarcar a alrededor de 100 ancianos, hizo una panor\u00e1mica sobre los servicios prestados por su hogar y los da\u00f1os que ha sufrido el mismo a consecuencia de los ataques terroristas, as\u00ed como las obras\u00a0de rehabilitaci\u00f3n de estos da\u00f1os.<\/p>\n<p>Es de se\u00f1alar que la Asamblea General de las Naciones Unidades ha fijado el 1 de octubre para celebrar el D\u00eda Internacional de las Personas de Edad a fin de elevar la conciencia sobre la necesidad de prestar a esta clase una atenci\u00f3n preventiva y tratamiento m\u00e9dico, de formar a los empleados en el \u00e1mbito de la atenci\u00f3n a las personas mayores de edad, as\u00ed como de garantizar las instalaciones necesarias para responder a sus necesidades.<\/p>\n<p>&nbsp;<br \/>\nLynn A.<\/p>\n","protected":false},"excerpt":{"rendered":"<p>Damasco, SANA La ministra de Asuntos Sociales, Rima al-Qadiri puso un \u00e9nfasis particular sobre la necesidad de que todos los \u00f3rganos gubernamentales y privados pertinentes\u00a0trabajen para garantizar la atenci\u00f3n necesaria y los servicios sanitarios y sociales a las personas de edad. En declaraciones concedidas a SANA durante una\u00a0gira realizada este s\u00e1bado en el hogar de &hellip;<\/p>\n","protected":false},"author":24,"featured_media":30997,"comment_status":"closed","ping_status":"closed","sticky":false,"template":"","format":"standard","meta":{"footnotes":""},"categories":[477,476],"tags":[6889],"class_list":["post-30996","post","type-post","status-publish","format-standard","has-post-thumbnail","","category-noticias-edulcorantes","category-locales","tag-ministra-al-qadiri-efectua-gira-en-un-hogar-de-ancianos-con-motivo-del-dia-internacional-de-las-personas-de-edad"],"_links":{"self":[{"href":"https:\/\/archive.sana.sy\/es\/index.php?rest_route=\/wp\/v2\/posts\/30996"}],"collection":[{"href":"https:\/\/archive.sana.sy\/es\/index.php?rest_route=\/wp\/v2\/posts"}],"about":[{"href":"https:\/\/archive.sana.sy\/es\/index.php?rest_route=\/wp\/v2\/types\/post"}],"author":[{"embeddable":true,"href":"https:\/\/archive.sana.sy\/es\/index.php?rest_route=\/wp\/v2\/users\/24"}],"replies":[{"embeddable":true,"href":"https:\/\/archive.sana.sy\/es\/index.php?rest_route=%2Fwp%2Fv2%2Fcomments&post=30996"}],"version-history":[{"count":0,"href":"https:\/\/archive.sana.sy\/es\/index.php?rest_route=\/wp\/v2\/posts\/30996\/revisions"}],"wp:featuredmedia":[{"embeddable":true,"href":"https:\/\/archive.sana.sy\/es\/index.php?rest_route=\/wp\/v2\/media\/30997"}],"wp:attachment":[{"href":"https:\/\/archive.sana.sy\/es\/index.php?rest_route=%2Fwp%2Fv2%2Fmedia&parent=30996"}],"wp:term":[{"taxonomy":"category","embeddable":true,"href":"https:\/\/archive.sana.sy\/es\/index.php?rest_route=%2Fwp%2Fv2%2Fcategories&post=30996"},{"taxonomy":"post_tag","embeddable":true,"href":"https:\/\/archive.sana.sy\/es\/index.php?rest_route=%2Fwp%2Fv2%2Ftags&post=30996"}],"curies":[{"name":"wp","href":"https:\/\/api.w.org\/{rel}","templated":true}]}}