{"id":309961,"date":"2023-09-29T14:51:00","date_gmt":"2023-09-29T11:51:00","guid":{"rendered":"http:\/\/sana.sy\/es\/?p=309961"},"modified":"2023-09-29T15:06:59","modified_gmt":"2023-09-29T12:06:59","slug":"siria-expresa-condolencias-con-irak-por-victimas-del-incendio-de-ninive","status":"publish","type":"post","link":"https:\/\/archive.sana.sy\/es\/?p=309961","title":{"rendered":"Siria expresa condolencias a Irak por v\u00edctimas del incendio de N\u00ednive"},"content":{"rendered":"<p style=\"text-align: justify;\"><span style=\"color: #800000;\"><strong>Damasco, 29 sep (SANA)\u00a0<\/strong><\/span> \u00a0El gobierno sirio expres\u00f3 sus m\u00e1s sinceras condolencias al gobierno y pueblo iraqu\u00edes por la gran p\u00e9rdida de vidas y heridos en el terrible incendio que tuvo lugar en la gobernaci\u00f3n de N\u00ednive, en el norte de Irak.<\/p>\n<p style=\"text-align: justify;\">\u201cLa Rep\u00fablica \u00c1rabe Siria transmita su m\u00e1s sentido p\u00e9same a las familias de las v\u00edctimas y desea a los heridos una pronta recuperaci\u00f3n\u201d declar\u00f3 hoy la Canciller\u00eda siria en un comunicado.<\/p>\n<p style=\"text-align: justify;\">Agreg\u00f3 que Siria manifiesta su solidaridad con el amigo pueblo de Irak que no titube\u00f3 al apoyar a Siria en tiempos dif\u00edciles, especialmente despu\u00e9s del catastr\u00f3fico terremoto del 6 de febrero pasado.<\/p>\n<p style=\"text-align: justify;\">El 26 del mes en curso, m\u00e1s de 100 personas murieron y decenas resultaron heridas despu\u00e9s de que un gran incendio arrasara un sal\u00f3n en el que se celebraba una boda en el distrito de al Hamdaniya, en la provincia de N\u00ednive en el norte de Irak.<\/p>\n<p style=\"text-align: justify;\">rr<\/p>\n","protected":false},"excerpt":{"rendered":"<p>Damasco, 29 sep (SANA)\u00a0 \u00a0El gobierno sirio expres\u00f3 sus m\u00e1s sinceras condolencias al gobierno y pueblo iraqu\u00edes por la gran p\u00e9rdida de vidas y heridos en el terrible incendio que tuvo lugar en la gobernaci\u00f3n de N\u00ednive, en el norte de Irak. \u201cLa Rep\u00fablica \u00c1rabe Siria transmita su m\u00e1s sentido p\u00e9same a las familias de &hellip;<\/p>\n","protected":false},"author":31,"featured_media":309962,"comment_status":"closed","ping_status":"closed","sticky":false,"template":"","format":"standard","meta":{"footnotes":""},"categories":[597,476,583],"tags":[11687,10753,7023,6553],"class_list":["post-309961","post","type-post","status-publish","format-standard","has-post-thumbnail","","category-cinta-de-noticias","category-locales","category-slide","tag-cancilleria","tag-incendio","tag-irak","tag-siria"],"_links":{"self":[{"href":"https:\/\/archive.sana.sy\/es\/index.php?rest_route=\/wp\/v2\/posts\/309961"}],"collection":[{"href":"https:\/\/archive.sana.sy\/es\/index.php?rest_route=\/wp\/v2\/posts"}],"about":[{"href":"https:\/\/archive.sana.sy\/es\/index.php?rest_route=\/wp\/v2\/types\/post"}],"author":[{"embeddable":true,"href":"https:\/\/archive.sana.sy\/es\/index.php?rest_route=\/wp\/v2\/users\/31"}],"replies":[{"embeddable":true,"href":"https:\/\/archive.sana.sy\/es\/index.php?rest_route=%2Fwp%2Fv2%2Fcomments&post=309961"}],"version-history":[{"count":5,"href":"https:\/\/archive.sana.sy\/es\/index.php?rest_route=\/wp\/v2\/posts\/309961\/revisions"}],"predecessor-version":[{"id":309967,"href":"https:\/\/archive.sana.sy\/es\/index.php?rest_route=\/wp\/v2\/posts\/309961\/revisions\/309967"}],"wp:featuredmedia":[{"embeddable":true,"href":"https:\/\/archive.sana.sy\/es\/index.php?rest_route=\/wp\/v2\/media\/309962"}],"wp:attachment":[{"href":"https:\/\/archive.sana.sy\/es\/index.php?rest_route=%2Fwp%2Fv2%2Fmedia&parent=309961"}],"wp:term":[{"taxonomy":"category","embeddable":true,"href":"https:\/\/archive.sana.sy\/es\/index.php?rest_route=%2Fwp%2Fv2%2Fcategories&post=309961"},{"taxonomy":"post_tag","embeddable":true,"href":"https:\/\/archive.sana.sy\/es\/index.php?rest_route=%2Fwp%2Fv2%2Ftags&post=309961"}],"curies":[{"name":"wp","href":"https:\/\/api.w.org\/{rel}","templated":true}]}}