{"id":309988,"date":"2023-09-29T21:00:02","date_gmt":"2023-09-29T18:00:02","guid":{"rendered":"http:\/\/sana.sy\/es\/?p=309988"},"modified":"2023-09-29T21:12:05","modified_gmt":"2023-09-29T18:12:05","slug":"ejercito-sirio-derriba-tres-drones-de-organizaciones-terroristas-y-neutraliza-a-varios-integrantes-de-las-mismas-en-latakia-y-alepo","status":"publish","type":"post","link":"https:\/\/archive.sana.sy\/es\/?p=309988","title":{"rendered":"Ej\u00e9rcito sirio ataca sedes de terroristas en Latakia y Alepo y derriba tres drones"},"content":{"rendered":"<p style=\"text-align: justify;\"><strong><span style=\"color: #800000;\">Latakia-Alepo, 29 sep (SANA)<\/span> <\/strong>Unidades de las fuerzas armadas sirias derribaron tres drones de las organizaciones terroristas en los campos de Latakia y Alepo y atacaron con fuego de artiller\u00eda los cuarteles generales de dichas organizaciones, lo que provoc\u00f3 la eliminaci\u00f3n de varios terroristas y la destrucci\u00f3n de un veh\u00edculo de combate.<\/p>\n<p style=\"text-align: justify;\">\u201cLas organizaciones terroristas armadas contin\u00faan sus ataques contra la poblaci\u00f3n civil y puntos del ej\u00e9rcito en los campos de Alepo, Latakia e Idlib, el m\u00e1s reciente de los cuales fue el ataque llevado a cabo por varios drones. Nuestras fuerzas lograron derribar dos aviones no tripulados en la zona rural del norte de Latakia y otro en el campo oeste de Alepo&#8221;, revel\u00f3 hoy el Ministerio de Defensa de Siria en su p\u00e1gina de Facebook.<\/p>\n<p style=\"text-align: justify;\">La entidad castrense se\u00f1al\u00f3 \u201cEn respuesta a estos ataques, unidades del ej\u00e9rcito sirio lanz\u00f3 precisos disparos de artiller\u00eda contra las sedes de esas organizaciones en las zonas antes mencionadas, lo que caus\u00f3 la muerte y heridas a varios terroristas\u201d.<\/p>\n<p style=\"text-align: justify;\">Adem\u00e1s, el ej\u00e9rcito sirio devast\u00f3 un veh\u00edculo de combate y neutraliz\u00f3 a todos los terroristas que estaban en \u00e9l en el campo occidental de Alepo.<\/p>\n<p style=\"text-align: justify;\">sm<\/p>\n","protected":false},"excerpt":{"rendered":"<p>Latakia-Alepo, 29 sep (SANA) Unidades de las fuerzas armadas sirias derribaron tres drones de las organizaciones terroristas en los campos de Latakia y Alepo y atacaron con fuego de artiller\u00eda los cuarteles generales de dichas organizaciones, lo que provoc\u00f3 la eliminaci\u00f3n de varios terroristas y la destrucci\u00f3n de un veh\u00edculo de combate. \u201cLas organizaciones terroristas &hellip;<\/p>\n","protected":false},"author":39,"featured_media":309989,"comment_status":"closed","ping_status":"closed","sticky":false,"template":"","format":"standard","meta":{"footnotes":""},"categories":[477,597,573,20724,476,583],"tags":[],"class_list":["post-309988","post","type-post","status-publish","format-standard","has-post-thumbnail","","category-noticias-edulcorantes","category-cinta-de-noticias","category-la-realidad-de-los-acontecimientos-en-siria","category-minuto-a-minuto","category-locales","category-slide"],"_links":{"self":[{"href":"https:\/\/archive.sana.sy\/es\/index.php?rest_route=\/wp\/v2\/posts\/309988"}],"collection":[{"href":"https:\/\/archive.sana.sy\/es\/index.php?rest_route=\/wp\/v2\/posts"}],"about":[{"href":"https:\/\/archive.sana.sy\/es\/index.php?rest_route=\/wp\/v2\/types\/post"}],"author":[{"embeddable":true,"href":"https:\/\/archive.sana.sy\/es\/index.php?rest_route=\/wp\/v2\/users\/39"}],"replies":[{"embeddable":true,"href":"https:\/\/archive.sana.sy\/es\/index.php?rest_route=%2Fwp%2Fv2%2Fcomments&post=309988"}],"version-history":[{"count":3,"href":"https:\/\/archive.sana.sy\/es\/index.php?rest_route=\/wp\/v2\/posts\/309988\/revisions"}],"predecessor-version":[{"id":309992,"href":"https:\/\/archive.sana.sy\/es\/index.php?rest_route=\/wp\/v2\/posts\/309988\/revisions\/309992"}],"wp:featuredmedia":[{"embeddable":true,"href":"https:\/\/archive.sana.sy\/es\/index.php?rest_route=\/wp\/v2\/media\/309989"}],"wp:attachment":[{"href":"https:\/\/archive.sana.sy\/es\/index.php?rest_route=%2Fwp%2Fv2%2Fmedia&parent=309988"}],"wp:term":[{"taxonomy":"category","embeddable":true,"href":"https:\/\/archive.sana.sy\/es\/index.php?rest_route=%2Fwp%2Fv2%2Fcategories&post=309988"},{"taxonomy":"post_tag","embeddable":true,"href":"https:\/\/archive.sana.sy\/es\/index.php?rest_route=%2Fwp%2Fv2%2Ftags&post=309988"}],"curies":[{"name":"wp","href":"https:\/\/api.w.org\/{rel}","templated":true}]}}